{"id":2289,"date":"2026-03-30T10:27:53","date_gmt":"2026-03-30T10:27:53","guid":{"rendered":"https:\/\/svenskanu.fi\/laromaterial\/ll-bladet\/?p=2289"},"modified":"2026-04-22T08:15:54","modified_gmt":"2026-04-22T08:15:54","slug":"inrikes-sommartiden-ar-har-27-3-2026","status":"publish","type":"post","link":"https:\/\/svenskanu.fi\/laromaterial\/ll-bladet\/2026\/03\/30\/inrikes-sommartiden-ar-har-27-3-2026\/","title":{"rendered":"Inrikes: Sommartiden \u00e4r h\u00e4r (27.3.2026)"},"content":{"rendered":"\n<p><strong>1) L\u00e4s artikeln <a href=\"https:\/\/lattabladet.fi\/finland\/sommartiden-ar-har\/\" rel=\"noreferrer noopener\">Sommartiden \u00e4r h\u00e4r (27.3.2026)<\/a> som handlar om sommartid. <\/strong><\/p>\n\n\n<p><strong>2) Svara p\u00e5 fr\u00e5gorna.<\/strong><\/p>\n<div data-tf-live=\"01KMZ4389CWQA4HS5HEY6JZEP9\"><\/div>\n<p><script src=\"\/\/embed.typeform.com\/next\/embed.js\"><\/script><\/p>\n<p><strong>3) \u00d6va artikelns ord. Para ihop de finska och svenska orden.<\/strong><\/p>\n<p><iframe src=\"https:\/\/learningapps.org\/watch?v=peh5ztz3t26\" style=\"border:0px;width:100%;height:500px\" allowfullscreen=\"true\" webkitallowfullscreen=\"true\" mozallowfullscreen=\"true\"><\/iframe><\/p>","protected":false},"excerpt":{"rendered":"<p>1) L\u00e4s artikeln Sommartiden \u00e4r h\u00e4r (27.3.2026) som handlar om sommartid. 2) Svara p\u00e5 fr\u00e5gorna. 3) \u00d6va artikelns ord. Para ihop de finska och svenska orden.<\/p>\n","protected":false},"author":2,"featured_media":0,"comment_status":"closed","ping_status":"closed","sticky":false,"template":"","format":"standard","meta":[],"categories":[3],"tags":[],"_links":{"self":[{"href":"https:\/\/svenskanu.fi\/laromaterial\/ll-bladet\/wp-json\/wp\/v2\/posts\/2289"}],"collection":[{"href":"https:\/\/svenskanu.fi\/laromaterial\/ll-bladet\/wp-json\/wp\/v2\/posts"}],"about":[{"href":"https:\/\/svenskanu.fi\/laromaterial\/ll-bladet\/wp-json\/wp\/v2\/types\/post"}],"author":[{"embeddable":true,"href":"https:\/\/svenskanu.fi\/laromaterial\/ll-bladet\/wp-json\/wp\/v2\/users\/2"}],"replies":[{"embeddable":true,"href":"https:\/\/svenskanu.fi\/laromaterial\/ll-bladet\/wp-json\/wp\/v2\/comments?post=2289"}],"version-history":[{"count":1,"href":"https:\/\/svenskanu.fi\/laromaterial\/ll-bladet\/wp-json\/wp\/v2\/posts\/2289\/revisions"}],"predecessor-version":[{"id":2290,"href":"https:\/\/svenskanu.fi\/laromaterial\/ll-bladet\/wp-json\/wp\/v2\/posts\/2289\/revisions\/2290"}],"wp:attachment":[{"href":"https:\/\/svenskanu.fi\/laromaterial\/ll-bladet\/wp-json\/wp\/v2\/media?parent=2289"}],"wp:term":[{"taxonomy":"category","embeddable":true,"href":"https:\/\/svenskanu.fi\/laromaterial\/ll-bladet\/wp-json\/wp\/v2\/categories?post=2289"},{"taxonomy":"post_tag","embeddable":true,"href":"https:\/\/svenskanu.fi\/laromaterial\/ll-bladet\/wp-json\/wp\/v2\/tags?post=2289"}],"curies":[{"name":"wp","href":"https:\/\/api.w.org\/{rel}","templated":true}]}}