{"id":2499,"date":"2021-03-09T11:45:02","date_gmt":"2021-03-09T11:45:02","guid":{"rendered":"https:\/\/svenskanu.fi\/laromaterial\/?p=2499"},"modified":"2022-12-19T12:55:56","modified_gmt":"2022-12-19T12:55:56","slug":"andreas-jonsson-om-normer-grupptryck-och-tillhorighet","status":"publish","type":"post","link":"https:\/\/svenskanu.fi\/laromaterial\/andreas-jonsson-om-normer-grupptryck-och-tillhorighet\/","title":{"rendered":"Om normer, grupptryck och tillh\u00f6righet: Andreas Jonssons videoserie"},"content":{"rendered":"\t\t<div data-elementor-type=\"wp-post\" data-elementor-id=\"2499\" class=\"elementor elementor-2499\" data-elementor-post-type=\"post\">\n\t\t\t\t\t\t<section class=\"elementor-section elementor-top-section elementor-element elementor-element-13e122a elementor-section-boxed elementor-section-height-default elementor-section-height-default parallax_section_no qode_elementor_container_no\" data-id=\"13e122a\" data-element_type=\"section\" data-e-type=\"section\">\n\t\t\t\t\t\t<div class=\"elementor-container elementor-column-gap-default\">\n\t\t\t\t\t<div class=\"elementor-column elementor-col-100 elementor-top-column elementor-element elementor-element-e7f6839\" data-id=\"e7f6839\" data-element_type=\"column\" data-e-type=\"column\">\n\t\t\t<div class=\"elementor-widget-wrap elementor-element-populated\">\n\t\t\t\t\t\t<div class=\"elementor-element elementor-element-2ffba1a elementor-widget elementor-widget-text-editor\" data-id=\"2ffba1a\" data-element_type=\"widget\" data-e-type=\"widget\" data-widget_type=\"text-editor.default\">\n\t\t\t\t<div class=\"elementor-widget-container\">\n\t\t\t\t\t\t\t\t\t<p>Andreas Jonsson \u00e4r en av Sveriges fr\u00e4msta talare inom social h\u00e5llbarhet och sj\u00e4lvinsikt. Han har m\u00e5ng\u00e5rig erfarenhet av att arbeta med fr\u00e5gor som r\u00f6r mobbning, diskriminering och kr\u00e4nkning. Detta material har tagits fram i syfte att <span class=\"JsGRdQ\"> p\u00e5 l\u00e4ttf\u00f6rst\u00e5elig svenska f\u00e5 prata om normer, grupptryck och tillh\u00f6righet<\/span>.<\/p><p>\u00a0<\/p>\t\t\t\t\t\t\t\t<\/div>\n\t\t\t\t<\/div>\n\t\t\t\t\t<\/div>\n\t\t<\/div>\n\t\t\t\t\t<\/div>\n\t\t<\/section>\n\t\t\t\t<section class=\"elementor-section elementor-top-section elementor-element elementor-element-9c842f3 elementor-section-boxed elementor-section-height-default elementor-section-height-default parallax_section_no qode_elementor_container_no\" data-id=\"9c842f3\" data-element_type=\"section\" data-e-type=\"section\">\n\t\t\t\t\t\t<div class=\"elementor-container elementor-column-gap-default\">\n\t\t\t\t\t<div class=\"elementor-column elementor-col-100 elementor-top-column elementor-element elementor-element-e097e4c\" data-id=\"e097e4c\" data-element_type=\"column\" data-e-type=\"column\">\n\t\t\t<div class=\"elementor-widget-wrap elementor-element-populated\">\n\t\t\t\t\t\t<div class=\"elementor-element elementor-element-e66d216 elementor-widget elementor-widget-text-editor\" data-id=\"e66d216\" data-element_type=\"widget\" data-e-type=\"widget\" data-widget_type=\"text-editor.default\">\n\t\t\t\t<div class=\"elementor-widget-container\">\n\t\t\t\t\t\t\t\t\t<h5>F\u00f6rberedelser<\/h5><p>L\u00e4raren: L\u00e4s l\u00e4rarhandledningen <a href=\"https:\/\/svenskanu.fi\/laromaterial\/wp-content\/uploads\/2021\/03\/Andreas-Jonsson_f\u00f6rhandsmaterial_l\u00e4rare.pdf\"><em><span class=\"JsGRdQ\">Aktivt arbete med normkritik i pedagogisk verksamhet (pdf)<\/span><\/em><\/a><\/p><p>Elever: L\u00e4s en kort ber\u00e4ttelse <a href=\"https:\/\/svenskanu.fi\/laromaterial\/wp-content\/uploads\/2021\/03\/Andreas-Jonsson_f\u00f6rhandsmaterial_elever.pdf\"><em>Vem best\u00e4mmer vem du \u00e4r? (pdf)<\/em><\/a><\/p>\t\t\t\t\t\t\t\t<\/div>\n\t\t\t\t<\/div>\n\t\t\t\t<div class=\"elementor-element elementor-element-1ad4311 elementor-widget-divider--view-line elementor-widget elementor-widget-divider\" data-id=\"1ad4311\" data-element_type=\"widget\" data-e-type=\"widget\" data-widget_type=\"divider.default\">\n\t\t\t\t<div class=\"elementor-widget-container\">\n\t\t\t\t\t\t\t<div class=\"elementor-divider\">\n\t\t\t<span class=\"elementor-divider-separator\">\n\t\t\t\t\t\t<\/span>\n\t\t<\/div>\n\t\t\t\t\t\t<\/div>\n\t\t\t\t<\/div>\n\t\t\t\t\t<\/div>\n\t\t<\/div>\n\t\t\t\t\t<\/div>\n\t\t<\/section>\n\t\t\t\t<section class=\"elementor-section elementor-top-section elementor-element elementor-element-b95b1c9 elementor-section-boxed elementor-section-height-default elementor-section-height-default parallax_section_no qode_elementor_container_no\" data-id=\"b95b1c9\" data-element_type=\"section\" data-e-type=\"section\">\n\t\t\t\t\t\t<div class=\"elementor-container elementor-column-gap-default\">\n\t\t\t\t\t<div class=\"elementor-column elementor-col-100 elementor-top-column elementor-element elementor-element-7cc26fd\" data-id=\"7cc26fd\" data-element_type=\"column\" data-e-type=\"column\">\n\t\t\t<div class=\"elementor-widget-wrap elementor-element-populated\">\n\t\t\t\t\t\t<div class=\"elementor-element elementor-element-757e485 elementor-widget elementor-widget-text-editor\" data-id=\"757e485\" data-element_type=\"widget\" data-e-type=\"widget\" data-widget_type=\"text-editor.default\">\n\t\t\t\t<div class=\"elementor-widget-container\">\n\t\t\t\t\t\t\t\t\t<h5>Lektionen<\/h5><div>Den virtuella f\u00f6rel\u00e4sningen har indelats i fem avsnitt som kan ses p\u00e5 Youtube. Till varje avsnitt finns korta anvisningar.<\/div><div>\u00a0<\/div><div>Ni kan v\u00e4lja vilka delar av f\u00f6rel\u00e4sningen ni arbetar med. B\u00f6rja med avsnitt 1 (<em>Vad h\u00e4nder n\u00e4r bollen inte \u00e4r rund?<\/em>). Om ni har tid att f\u00f6rdjupa behandlingen av temat forts\u00e4tt med f\u00f6ljande valfria avsnitt (2-4). <br \/>Avsluta med avsnitt 5 d\u00e4r Andreas ber\u00e4ttar om uppgiften.<\/div>\t\t\t\t\t\t\t\t<\/div>\n\t\t\t\t<\/div>\n\t\t\t\t<section class=\"elementor-section elementor-inner-section elementor-element elementor-element-a0246ca elementor-section-boxed elementor-section-height-default elementor-section-height-default parallax_section_no qode_elementor_container_no\" data-id=\"a0246ca\" data-element_type=\"section\" data-e-type=\"section\">\n\t\t\t\t\t\t<div class=\"elementor-container elementor-column-gap-default\">\n\t\t\t\t\t<div class=\"elementor-column elementor-col-50 elementor-inner-column elementor-element elementor-element-bbd5da5\" data-id=\"bbd5da5\" data-element_type=\"column\" data-e-type=\"column\">\n\t\t\t<div class=\"elementor-widget-wrap elementor-element-populated\">\n\t\t\t\t\t\t<div class=\"elementor-element elementor-element-0803ab0 elementor-widget elementor-widget-text-editor\" data-id=\"0803ab0\" data-element_type=\"widget\" data-e-type=\"widget\" data-widget_type=\"text-editor.default\">\n\t\t\t\t<div class=\"elementor-widget-container\">\n\t\t\t\t\t\t\t\t\t<h5>\u00a0<\/h5><h5>DEl 1: Vad h\u00e4nder n\u00e4r bollen inte \u00e4r rund?<\/h5><div>Se <a href=\"https:\/\/youtu.be\/Pl64fDbkpwk\">videon (Youtube)<\/a> | \u00d6ppna <a href=\"https:\/\/svenskanu.fi\/laromaterial\/wp-content\/uploads\/2021\/03\/Andreas-Jonsson-del-1.pdf\">anvisningarna (pdf)<\/a><\/div><div>\u00a0<\/div><div><h5>Del 2: Andreas brev<\/h5><p>Se <a href=\"https:\/\/youtu.be\/u6IRZ5zkqIk\">videon (Youtube)<\/a> | \u00d6ppna <a href=\"https:\/\/svenskanu.fi\/laromaterial\/wp-content\/uploads\/2021\/03\/Andreas-Jonsson-del-2.pdf\">anvisningarna (pdf)<\/a><\/p><p>\u00a0<\/p><h5>Del 3: Du \u00e4r huvudnumret<\/h5><p>Se <a href=\"https:\/\/youtu.be\/4I7Dxjube2M\">videon (Youtube)<\/a> | \u00d6ppna<a href=\"https:\/\/svenskanu.fi\/laromaterial\/wp-content\/uploads\/2021\/03\/Andreas-Jonsson-del-3.pdf\"> anvisningarna (pdf)<\/a><\/p><p>\u00a0<\/p><h5>Del 4: Reaktioner till Andreas brev<\/h5><p>Se <a href=\"https:\/\/youtu.be\/BC6ESP8ysWQ\">videon (Youtube)<\/a> | \u00d6ppna <a href=\"https:\/\/svenskanu.fi\/laromaterial\/wp-content\/uploads\/2021\/03\/Andreas-Jonsson-del-4.pdf\">anvisningarna (pdf)<\/a><\/p><p>\u00a0<\/p><h5>Del 5: Andreas ger uppgiften<\/h5><p>Se <a href=\"https:\/\/youtu.be\/QN7D4a5iS_s\">videon (Youtube)<\/a> | \u00d6ppna <a href=\"https:\/\/svenskanu.fi\/laromaterial\/wp-content\/uploads\/2021\/03\/Andreas-Jonsson-del-5.pdf\">anvisningarna (pdf)<\/a><\/p><\/div>\t\t\t\t\t\t\t\t<\/div>\n\t\t\t\t<\/div>\n\t\t\t\t\t<\/div>\n\t\t<\/div>\n\t\t\t\t<div class=\"elementor-column elementor-col-50 elementor-inner-column elementor-element elementor-element-50018e3\" data-id=\"50018e3\" data-element_type=\"column\" data-e-type=\"column\">\n\t\t\t<div class=\"elementor-widget-wrap elementor-element-populated\">\n\t\t\t\t\t\t<div class=\"elementor-element elementor-element-9699fed elementor-widget elementor-widget-image\" data-id=\"9699fed\" data-element_type=\"widget\" data-e-type=\"widget\" data-widget_type=\"image.default\">\n\t\t\t\t<div class=\"elementor-widget-container\">\n\t\t\t\t\t\t\t\t\t\t\t\t\t\t\t<img fetchpriority=\"high\" decoding=\"async\" width=\"570\" height=\"570\" src=\"https:\/\/svenskanu.fi\/laromaterial\/wp-content\/uploads\/2021\/03\/shutterstock_78859753-Cropped-bw-570x570.jpg\" class=\"attachment-portfolio-square size-portfolio-square wp-image-2676\" alt=\"\" srcset=\"https:\/\/svenskanu.fi\/laromaterial\/wp-content\/uploads\/2021\/03\/shutterstock_78859753-Cropped-bw-570x570.jpg 570w, https:\/\/svenskanu.fi\/laromaterial\/wp-content\/uploads\/2021\/03\/shutterstock_78859753-Cropped-bw-150x150.jpg 150w, https:\/\/svenskanu.fi\/laromaterial\/wp-content\/uploads\/2021\/03\/shutterstock_78859753-Cropped-bw-500x500.jpg 500w, https:\/\/svenskanu.fi\/laromaterial\/wp-content\/uploads\/2021\/03\/shutterstock_78859753-Cropped-bw-1000x1000.jpg 1000w\" sizes=\"(max-width: 570px) 100vw, 570px\" \/>\t\t\t\t\t\t\t\t\t\t\t\t\t\t\t<\/div>\n\t\t\t\t<\/div>\n\t\t\t\t\t<\/div>\n\t\t<\/div>\n\t\t\t\t\t<\/div>\n\t\t<\/section>\n\t\t\t\t\t<\/div>\n\t\t<\/div>\n\t\t\t\t\t<\/div>\n\t\t<\/section>\n\t\t\t\t<section class=\"elementor-section elementor-top-section elementor-element elementor-element-f95c996 elementor-section-boxed elementor-section-height-default elementor-section-height-default parallax_section_no qode_elementor_container_no\" data-id=\"f95c996\" data-element_type=\"section\" data-e-type=\"section\">\n\t\t\t\t\t\t<div class=\"elementor-container elementor-column-gap-default\">\n\t\t\t\t\t<div class=\"elementor-column elementor-col-100 elementor-top-column elementor-element elementor-element-d33f4f1\" data-id=\"d33f4f1\" data-element_type=\"column\" data-e-type=\"column\">\n\t\t\t<div class=\"elementor-widget-wrap elementor-element-populated\">\n\t\t\t\t\t\t<div class=\"elementor-element elementor-element-4c78f79 elementor-widget elementor-widget-text-editor\" data-id=\"4c78f79\" data-element_type=\"widget\" data-e-type=\"widget\" data-widget_type=\"text-editor.default\">\n\t\t\t\t<div class=\"elementor-widget-container\">\n\t\t\t\t\t\t\t\t\t<div>Om du vill ladda ner Andreas virtuella f\u00f6rel\u00e4sning i sin helhet logga in p\u00e5 <a href=\"http:\/\/andreasjonsson.nu\/svenskanu\/\">andreasjonsson.nu\/svenskanu\/<\/a>. L\u00f6senord: changemaker<\/div>\t\t\t\t\t\t\t\t<\/div>\n\t\t\t\t<\/div>\n\t\t\t\t<div class=\"elementor-element elementor-element-1cafe41 elementor-widget-divider--view-line elementor-widget elementor-widget-divider\" data-id=\"1cafe41\" data-element_type=\"widget\" data-e-type=\"widget\" data-widget_type=\"divider.default\">\n\t\t\t\t<div class=\"elementor-widget-container\">\n\t\t\t\t\t\t\t<div class=\"elementor-divider\">\n\t\t\t<span class=\"elementor-divider-separator\">\n\t\t\t\t\t\t<\/span>\n\t\t<\/div>\n\t\t\t\t\t\t<\/div>\n\t\t\t\t<\/div>\n\t\t\t\t<div class=\"elementor-element elementor-element-8b87eda elementor-widget elementor-widget-text-editor\" data-id=\"8b87eda\" data-element_type=\"widget\" data-e-type=\"widget\" data-widget_type=\"text-editor.default\">\n\t\t\t\t<div class=\"elementor-widget-container\">\n\t\t\t\t\t\t\t\t\t<h5>Uppgiften<\/h5><p>Se videon (<a href=\"https:\/\/youtu.be\/QN7D4a5iS_s\">Del 5<\/a>) d\u00e4r Andreas ber\u00e4ttar om uppgiften. V\u00e4lj sedan ett av nedanst\u00e5ende alternativen.<\/p><p>\u00a0<\/p><ul><li><strong>Det positiva kortet: <\/strong><span class=\"JsGRdQ\">eleverna kommer f\u00e5 skriva minst tre saker som de tycker om hos sig sj\u00e4lva p\u00e5 ett vykort eller papper, helst p\u00e5 svenska. Vykortet stoppas sedan i ett kuvert och eleven tar med det sig hem som en p\u00e5minnelse om vad hen f\u00e5tt vara en del utav under dagens lektionspass.<\/span><strong><br \/><\/strong><\/li><\/ul><p>\u00a0<\/p><ul><li><strong>Brevet till framtiden: <\/strong><span class=\"JsGRdQ\">F\u00f6r de klasser d\u00e4r spr\u00e5kkunskapen finns kan eleverna ist\u00e4llet g\u00f6ra uppgiften \u201cbrevet till framtiden\u201d. Dels \u00e4r det en utmaning i sig att se till sina positiva sidor i livet (n\u00e5got vi alltid m\u00e5ste jobba p\u00e5), och dels att g\u00f6ra uppgiften p\u00e5 svenska.<\/span><strong><br \/><\/strong><\/li><\/ul>\t\t\t\t\t\t\t\t<\/div>\n\t\t\t\t<\/div>\n\t\t\t\t\t<\/div>\n\t\t<\/div>\n\t\t\t\t\t<\/div>\n\t\t<\/section>\n\t\t\t\t<section class=\"elementor-section elementor-top-section elementor-element elementor-element-2ab287f elementor-section-boxed elementor-section-height-default elementor-section-height-default parallax_section_no qode_elementor_container_no\" data-id=\"2ab287f\" data-element_type=\"section\" data-e-type=\"section\">\n\t\t\t\t\t\t<div class=\"elementor-container elementor-column-gap-default\">\n\t\t\t\t\t<div class=\"elementor-column elementor-col-100 elementor-top-column elementor-element elementor-element-4828186\" data-id=\"4828186\" data-element_type=\"column\" data-e-type=\"column\">\n\t\t\t<div class=\"elementor-widget-wrap elementor-element-populated\">\n\t\t\t\t\t\t<div class=\"elementor-element elementor-element-271da23 elementor-widget-divider--view-line elementor-widget elementor-widget-divider\" data-id=\"271da23\" data-element_type=\"widget\" data-e-type=\"widget\" data-widget_type=\"divider.default\">\n\t\t\t\t<div class=\"elementor-widget-container\">\n\t\t\t\t\t\t\t<div class=\"elementor-divider\">\n\t\t\t<span class=\"elementor-divider-separator\">\n\t\t\t\t\t\t<\/span>\n\t\t<\/div>\n\t\t\t\t\t\t<\/div>\n\t\t\t\t<\/div>\n\t\t\t\t<div class=\"elementor-element elementor-element-1ac0b57 elementor-widget elementor-widget-text-editor\" data-id=\"1ac0b57\" data-element_type=\"widget\" data-e-type=\"widget\" data-widget_type=\"text-editor.default\">\n\t\t\t\t<div class=\"elementor-widget-container\">\n\t\t\t\t\t\t\t\t\t<h5>Extramaterial f\u00f6r elever<\/h5><p><span class=\"JsGRdQ\">Ni kan forts\u00e4tta att jobba med<\/span><span class=\"JsGRdQ\"> tv\u00e5 f\u00f6rdjupningspass med tillh\u00f6rande handledning inom grupptilh\u00f6righet, normer och utanf\u00f6rskap. Workshopspassen kan grupp- och individanpassas och tar mellan 20-50 minuter att genomf\u00f6ra.<br \/><\/span><\/p><ul><li><strong><em><a href=\"https:\/\/svenskanu.fi\/laromaterial\/wp-content\/uploads\/2021\/03\/Andreas-Jonsson_Vem-a\u0308r-jag-pa\u030a-bussen.pdf\">Vem \u00e4r jag p\u00e5 bussen (pdf)<\/a> &#8211;<\/em> <\/strong><span class=\"JsGRdQ\">Workshop om f\u00f6rdomar och hur snabbt vi d\u00f6mer varandra<\/span>.<\/li><li><strong><em><a href=\"https:\/\/svenskanu.fi\/laromaterial\/wp-content\/uploads\/2021\/03\/Andreas-Jonsson_Ett-steg-fram.pdf\">Ett steg fram? (pdf)<\/a> <\/em>&#8211;<\/strong> Workshop om normer.<\/li><\/ul>\t\t\t\t\t\t\t\t<\/div>\n\t\t\t\t<\/div>\n\t\t\t\t\t<\/div>\n\t\t<\/div>\n\t\t\t\t\t<\/div>\n\t\t<\/section>\n\t\t\t\t<section class=\"elementor-section elementor-top-section elementor-element elementor-element-b8d9f7d elementor-section-boxed elementor-section-height-default elementor-section-height-default parallax_section_no qode_elementor_container_no\" data-id=\"b8d9f7d\" data-element_type=\"section\" data-e-type=\"section\">\n\t\t\t\t\t\t<div class=\"elementor-container elementor-column-gap-default\">\n\t\t\t\t\t<div class=\"elementor-column elementor-col-100 elementor-top-column elementor-element elementor-element-fab13cd\" data-id=\"fab13cd\" data-element_type=\"column\" data-e-type=\"column\">\n\t\t\t<div class=\"elementor-widget-wrap elementor-element-populated\">\n\t\t\t\t\t\t<div class=\"elementor-element elementor-element-a224163 elementor-widget-divider--view-line elementor-widget elementor-widget-divider\" data-id=\"a224163\" data-element_type=\"widget\" data-e-type=\"widget\" data-widget_type=\"divider.default\">\n\t\t\t\t<div class=\"elementor-widget-container\">\n\t\t\t\t\t\t\t<div class=\"elementor-divider\">\n\t\t\t<span class=\"elementor-divider-separator\">\n\t\t\t\t\t\t<\/span>\n\t\t<\/div>\n\t\t\t\t\t\t<\/div>\n\t\t\t\t<\/div>\n\t\t\t\t<div class=\"elementor-element elementor-element-4c829be elementor-widget elementor-widget-text-editor\" data-id=\"4c829be\" data-element_type=\"widget\" data-e-type=\"widget\" data-widget_type=\"text-editor.default\">\n\t\t\t\t<div class=\"elementor-widget-container\">\n\t\t\t\t\t\t\t\t\t<h5>Extramaterial f\u00f6r l\u00e4rare<\/h5><p>P\u00e5 <a href=\"http:\/\/andreasjonsson.nu\/svenskanu\/\">Andreas portal<\/a> (l\u00f6senord: changemaker) finns det en extra f\u00f6rel\u00e4sning f\u00f6r personalen (ca 45 min).<\/p>\t\t\t\t\t\t\t\t<\/div>\n\t\t\t\t<\/div>\n\t\t\t\t\t<\/div>\n\t\t<\/div>\n\t\t\t\t\t<\/div>\n\t\t<\/section>\n\t\t\t\t<\/div>\n\t\t","protected":false},"excerpt":{"rendered":"<p>Andreas Jonsson \u00e4r en av Sveriges fr\u00e4msta talare inom social h\u00e5llbarhet och sj\u00e4lvinsikt. Detta material har tagits fram i syfte att p\u00e5 l\u00e4ttf\u00f6rst\u00e5elig svenska f\u00e5 prata om normer, grupptryck och tillh\u00f6righet.<\/p>\n","protected":false},"author":4,"featured_media":2500,"comment_status":"open","ping_status":"open","sticky":false,"template":"","format":"standard","meta":{"footnotes":""},"categories":[21,20],"tags":[],"class_list":["post-2499","post","type-post","status-publish","format-standard","has-post-thumbnail","hentry","category-gymnasiet","category-hogstadiet"],"yoast_head":"<!-- This site is optimized with the Yoast SEO plugin v27.5 - https:\/\/yoast.com\/product\/yoast-seo-wordpress\/ -->\n<title>Om normer, grupptryck och tillh\u00f6righet: Andreas Jonssons videoserie - Plugga nu<\/title>\n<meta name=\"robots\" content=\"index, follow, max-snippet:-1, max-image-preview:large, max-video-preview:-1\" \/>\n<link rel=\"canonical\" href=\"https:\/\/svenskanu.fi\/laromaterial\/andreas-jonsson-om-normer-grupptryck-och-tillhorighet\/\" \/>\n<meta property=\"og:locale\" content=\"en_US\" \/>\n<meta property=\"og:type\" content=\"article\" \/>\n<meta property=\"og:title\" content=\"Om normer, grupptryck och tillh\u00f6righet: Andreas Jonssons videoserie - Plugga nu\" \/>\n<meta property=\"og:description\" content=\"Andreas Jonsson \u00e4r en av Sveriges fr\u00e4msta talare inom social h\u00e5llbarhet och sj\u00e4lvinsikt. Detta material har tagits fram i syfte att p\u00e5 l\u00e4ttf\u00f6rst\u00e5elig svenska f\u00e5 prata om normer, grupptryck och tillh\u00f6righet.\" \/>\n<meta property=\"og:url\" content=\"https:\/\/svenskanu.fi\/laromaterial\/andreas-jonsson-om-normer-grupptryck-och-tillhorighet\/\" \/>\n<meta property=\"og:site_name\" content=\"Plugga nu\" \/>\n<meta property=\"article:published_time\" content=\"2021-03-09T11:45:02+00:00\" \/>\n<meta property=\"article:modified_time\" content=\"2022-12-19T12:55:56+00:00\" \/>\n<meta property=\"og:image\" content=\"https:\/\/svenskanu.fi\/laromaterial\/wp-content\/uploads\/2021\/02\/DSC_9110-1.jpg\" \/>\n\t<meta property=\"og:image:width\" content=\"1920\" \/>\n\t<meta property=\"og:image:height\" content=\"1282\" \/>\n\t<meta property=\"og:image:type\" content=\"image\/jpeg\" \/>\n<meta name=\"author\" content=\"liisa.suomela\" \/>\n<meta name=\"twitter:card\" content=\"summary_large_image\" \/>\n<meta name=\"twitter:label1\" content=\"Written by\" \/>\n\t<meta name=\"twitter:data1\" content=\"liisa.suomela\" \/>\n\t<meta name=\"twitter:label2\" content=\"Est. reading time\" \/>\n\t<meta name=\"twitter:data2\" content=\"2 minutes\" \/>\n<script type=\"application\/ld+json\" class=\"yoast-schema-graph\">{\"@context\":\"https:\\\/\\\/schema.org\",\"@graph\":[{\"@type\":\"Article\",\"@id\":\"https:\\\/\\\/svenskanu.fi\\\/laromaterial\\\/andreas-jonsson-om-normer-grupptryck-och-tillhorighet\\\/#article\",\"isPartOf\":{\"@id\":\"https:\\\/\\\/svenskanu.fi\\\/laromaterial\\\/andreas-jonsson-om-normer-grupptryck-och-tillhorighet\\\/\"},\"author\":{\"name\":\"liisa.suomela\",\"@id\":\"https:\\\/\\\/svenskanu.fi\\\/laromaterial\\\/#\\\/schema\\\/person\\\/f2a749995aa5e159d692a3973b4c2c0b\"},\"headline\":\"Om normer, grupptryck och tillh\u00f6righet: Andreas Jonssons videoserie\",\"datePublished\":\"2021-03-09T11:45:02+00:00\",\"dateModified\":\"2022-12-19T12:55:56+00:00\",\"mainEntityOfPage\":{\"@id\":\"https:\\\/\\\/svenskanu.fi\\\/laromaterial\\\/andreas-jonsson-om-normer-grupptryck-och-tillhorighet\\\/\"},\"wordCount\":468,\"commentCount\":0,\"image\":{\"@id\":\"https:\\\/\\\/svenskanu.fi\\\/laromaterial\\\/andreas-jonsson-om-normer-grupptryck-och-tillhorighet\\\/#primaryimage\"},\"thumbnailUrl\":\"https:\\\/\\\/svenskanu.fi\\\/laromaterial\\\/wp-content\\\/uploads\\\/2021\\\/02\\\/DSC_9110-1.jpg\",\"articleSection\":[\"Gymnasiet\",\"H\u00f6gstadiet\"],\"inLanguage\":\"en-US\",\"potentialAction\":[{\"@type\":\"CommentAction\",\"name\":\"Comment\",\"target\":[\"https:\\\/\\\/svenskanu.fi\\\/laromaterial\\\/andreas-jonsson-om-normer-grupptryck-och-tillhorighet\\\/#respond\"]}]},{\"@type\":\"WebPage\",\"@id\":\"https:\\\/\\\/svenskanu.fi\\\/laromaterial\\\/andreas-jonsson-om-normer-grupptryck-och-tillhorighet\\\/\",\"url\":\"https:\\\/\\\/svenskanu.fi\\\/laromaterial\\\/andreas-jonsson-om-normer-grupptryck-och-tillhorighet\\\/\",\"name\":\"Om normer, grupptryck och tillh\u00f6righet: Andreas Jonssons videoserie - Plugga nu\",\"isPartOf\":{\"@id\":\"https:\\\/\\\/svenskanu.fi\\\/laromaterial\\\/#website\"},\"primaryImageOfPage\":{\"@id\":\"https:\\\/\\\/svenskanu.fi\\\/laromaterial\\\/andreas-jonsson-om-normer-grupptryck-och-tillhorighet\\\/#primaryimage\"},\"image\":{\"@id\":\"https:\\\/\\\/svenskanu.fi\\\/laromaterial\\\/andreas-jonsson-om-normer-grupptryck-och-tillhorighet\\\/#primaryimage\"},\"thumbnailUrl\":\"https:\\\/\\\/svenskanu.fi\\\/laromaterial\\\/wp-content\\\/uploads\\\/2021\\\/02\\\/DSC_9110-1.jpg\",\"datePublished\":\"2021-03-09T11:45:02+00:00\",\"dateModified\":\"2022-12-19T12:55:56+00:00\",\"author\":{\"@id\":\"https:\\\/\\\/svenskanu.fi\\\/laromaterial\\\/#\\\/schema\\\/person\\\/f2a749995aa5e159d692a3973b4c2c0b\"},\"breadcrumb\":{\"@id\":\"https:\\\/\\\/svenskanu.fi\\\/laromaterial\\\/andreas-jonsson-om-normer-grupptryck-och-tillhorighet\\\/#breadcrumb\"},\"inLanguage\":\"en-US\",\"potentialAction\":[{\"@type\":\"ReadAction\",\"target\":[\"https:\\\/\\\/svenskanu.fi\\\/laromaterial\\\/andreas-jonsson-om-normer-grupptryck-och-tillhorighet\\\/\"]}]},{\"@type\":\"ImageObject\",\"inLanguage\":\"en-US\",\"@id\":\"https:\\\/\\\/svenskanu.fi\\\/laromaterial\\\/andreas-jonsson-om-normer-grupptryck-och-tillhorighet\\\/#primaryimage\",\"url\":\"https:\\\/\\\/svenskanu.fi\\\/laromaterial\\\/wp-content\\\/uploads\\\/2021\\\/02\\\/DSC_9110-1.jpg\",\"contentUrl\":\"https:\\\/\\\/svenskanu.fi\\\/laromaterial\\\/wp-content\\\/uploads\\\/2021\\\/02\\\/DSC_9110-1.jpg\",\"width\":1920,\"height\":1282},{\"@type\":\"BreadcrumbList\",\"@id\":\"https:\\\/\\\/svenskanu.fi\\\/laromaterial\\\/andreas-jonsson-om-normer-grupptryck-och-tillhorighet\\\/#breadcrumb\",\"itemListElement\":[{\"@type\":\"ListItem\",\"position\":1,\"name\":\"Home\",\"item\":\"https:\\\/\\\/svenskanu.fi\\\/laromaterial\\\/\"},{\"@type\":\"ListItem\",\"position\":2,\"name\":\"Om normer, grupptryck och tillh\u00f6righet: Andreas Jonssons videoserie\"}]},{\"@type\":\"WebSite\",\"@id\":\"https:\\\/\\\/svenskanu.fi\\\/laromaterial\\\/#website\",\"url\":\"https:\\\/\\\/svenskanu.fi\\\/laromaterial\\\/\",\"name\":\"Plugga nu\",\"description\":\"svenskanu\",\"potentialAction\":[{\"@type\":\"SearchAction\",\"target\":{\"@type\":\"EntryPoint\",\"urlTemplate\":\"https:\\\/\\\/svenskanu.fi\\\/laromaterial\\\/?s={search_term_string}\"},\"query-input\":{\"@type\":\"PropertyValueSpecification\",\"valueRequired\":true,\"valueName\":\"search_term_string\"}}],\"inLanguage\":\"en-US\"},{\"@type\":\"Person\",\"@id\":\"https:\\\/\\\/svenskanu.fi\\\/laromaterial\\\/#\\\/schema\\\/person\\\/f2a749995aa5e159d692a3973b4c2c0b\",\"name\":\"liisa.suomela\",\"url\":\"https:\\\/\\\/svenskanu.fi\\\/laromaterial\\\/author\\\/liisa-suomela\\\/\"}]}<\/script>\n<!-- \/ Yoast SEO plugin. -->","yoast_head_json":{"title":"Om normer, grupptryck och tillh\u00f6righet: Andreas Jonssons videoserie - Plugga nu","robots":{"index":"index","follow":"follow","max-snippet":"max-snippet:-1","max-image-preview":"max-image-preview:large","max-video-preview":"max-video-preview:-1"},"canonical":"https:\/\/svenskanu.fi\/laromaterial\/andreas-jonsson-om-normer-grupptryck-och-tillhorighet\/","og_locale":"en_US","og_type":"article","og_title":"Om normer, grupptryck och tillh\u00f6righet: Andreas Jonssons videoserie - Plugga nu","og_description":"Andreas Jonsson \u00e4r en av Sveriges fr\u00e4msta talare inom social h\u00e5llbarhet och sj\u00e4lvinsikt. Detta material har tagits fram i syfte att p\u00e5 l\u00e4ttf\u00f6rst\u00e5elig svenska f\u00e5 prata om normer, grupptryck och tillh\u00f6righet.","og_url":"https:\/\/svenskanu.fi\/laromaterial\/andreas-jonsson-om-normer-grupptryck-och-tillhorighet\/","og_site_name":"Plugga nu","article_published_time":"2021-03-09T11:45:02+00:00","article_modified_time":"2022-12-19T12:55:56+00:00","og_image":[{"width":1920,"height":1282,"url":"https:\/\/svenskanu.fi\/laromaterial\/wp-content\/uploads\/2021\/02\/DSC_9110-1.jpg","type":"image\/jpeg"}],"author":"liisa.suomela","twitter_card":"summary_large_image","twitter_misc":{"Written by":"liisa.suomela","Est. reading time":"2 minutes"},"schema":{"@context":"https:\/\/schema.org","@graph":[{"@type":"Article","@id":"https:\/\/svenskanu.fi\/laromaterial\/andreas-jonsson-om-normer-grupptryck-och-tillhorighet\/#article","isPartOf":{"@id":"https:\/\/svenskanu.fi\/laromaterial\/andreas-jonsson-om-normer-grupptryck-och-tillhorighet\/"},"author":{"name":"liisa.suomela","@id":"https:\/\/svenskanu.fi\/laromaterial\/#\/schema\/person\/f2a749995aa5e159d692a3973b4c2c0b"},"headline":"Om normer, grupptryck och tillh\u00f6righet: Andreas Jonssons videoserie","datePublished":"2021-03-09T11:45:02+00:00","dateModified":"2022-12-19T12:55:56+00:00","mainEntityOfPage":{"@id":"https:\/\/svenskanu.fi\/laromaterial\/andreas-jonsson-om-normer-grupptryck-och-tillhorighet\/"},"wordCount":468,"commentCount":0,"image":{"@id":"https:\/\/svenskanu.fi\/laromaterial\/andreas-jonsson-om-normer-grupptryck-och-tillhorighet\/#primaryimage"},"thumbnailUrl":"https:\/\/svenskanu.fi\/laromaterial\/wp-content\/uploads\/2021\/02\/DSC_9110-1.jpg","articleSection":["Gymnasiet","H\u00f6gstadiet"],"inLanguage":"en-US","potentialAction":[{"@type":"CommentAction","name":"Comment","target":["https:\/\/svenskanu.fi\/laromaterial\/andreas-jonsson-om-normer-grupptryck-och-tillhorighet\/#respond"]}]},{"@type":"WebPage","@id":"https:\/\/svenskanu.fi\/laromaterial\/andreas-jonsson-om-normer-grupptryck-och-tillhorighet\/","url":"https:\/\/svenskanu.fi\/laromaterial\/andreas-jonsson-om-normer-grupptryck-och-tillhorighet\/","name":"Om normer, grupptryck och tillh\u00f6righet: Andreas Jonssons videoserie - Plugga nu","isPartOf":{"@id":"https:\/\/svenskanu.fi\/laromaterial\/#website"},"primaryImageOfPage":{"@id":"https:\/\/svenskanu.fi\/laromaterial\/andreas-jonsson-om-normer-grupptryck-och-tillhorighet\/#primaryimage"},"image":{"@id":"https:\/\/svenskanu.fi\/laromaterial\/andreas-jonsson-om-normer-grupptryck-och-tillhorighet\/#primaryimage"},"thumbnailUrl":"https:\/\/svenskanu.fi\/laromaterial\/wp-content\/uploads\/2021\/02\/DSC_9110-1.jpg","datePublished":"2021-03-09T11:45:02+00:00","dateModified":"2022-12-19T12:55:56+00:00","author":{"@id":"https:\/\/svenskanu.fi\/laromaterial\/#\/schema\/person\/f2a749995aa5e159d692a3973b4c2c0b"},"breadcrumb":{"@id":"https:\/\/svenskanu.fi\/laromaterial\/andreas-jonsson-om-normer-grupptryck-och-tillhorighet\/#breadcrumb"},"inLanguage":"en-US","potentialAction":[{"@type":"ReadAction","target":["https:\/\/svenskanu.fi\/laromaterial\/andreas-jonsson-om-normer-grupptryck-och-tillhorighet\/"]}]},{"@type":"ImageObject","inLanguage":"en-US","@id":"https:\/\/svenskanu.fi\/laromaterial\/andreas-jonsson-om-normer-grupptryck-och-tillhorighet\/#primaryimage","url":"https:\/\/svenskanu.fi\/laromaterial\/wp-content\/uploads\/2021\/02\/DSC_9110-1.jpg","contentUrl":"https:\/\/svenskanu.fi\/laromaterial\/wp-content\/uploads\/2021\/02\/DSC_9110-1.jpg","width":1920,"height":1282},{"@type":"BreadcrumbList","@id":"https:\/\/svenskanu.fi\/laromaterial\/andreas-jonsson-om-normer-grupptryck-och-tillhorighet\/#breadcrumb","itemListElement":[{"@type":"ListItem","position":1,"name":"Home","item":"https:\/\/svenskanu.fi\/laromaterial\/"},{"@type":"ListItem","position":2,"name":"Om normer, grupptryck och tillh\u00f6righet: Andreas Jonssons videoserie"}]},{"@type":"WebSite","@id":"https:\/\/svenskanu.fi\/laromaterial\/#website","url":"https:\/\/svenskanu.fi\/laromaterial\/","name":"Plugga nu","description":"svenskanu","potentialAction":[{"@type":"SearchAction","target":{"@type":"EntryPoint","urlTemplate":"https:\/\/svenskanu.fi\/laromaterial\/?s={search_term_string}"},"query-input":{"@type":"PropertyValueSpecification","valueRequired":true,"valueName":"search_term_string"}}],"inLanguage":"en-US"},{"@type":"Person","@id":"https:\/\/svenskanu.fi\/laromaterial\/#\/schema\/person\/f2a749995aa5e159d692a3973b4c2c0b","name":"liisa.suomela","url":"https:\/\/svenskanu.fi\/laromaterial\/author\/liisa-suomela\/"}]}},"_links":{"self":[{"href":"https:\/\/svenskanu.fi\/laromaterial\/wp-json\/wp\/v2\/posts\/2499","targetHints":{"allow":["GET"]}}],"collection":[{"href":"https:\/\/svenskanu.fi\/laromaterial\/wp-json\/wp\/v2\/posts"}],"about":[{"href":"https:\/\/svenskanu.fi\/laromaterial\/wp-json\/wp\/v2\/types\/post"}],"author":[{"embeddable":true,"href":"https:\/\/svenskanu.fi\/laromaterial\/wp-json\/wp\/v2\/users\/4"}],"replies":[{"embeddable":true,"href":"https:\/\/svenskanu.fi\/laromaterial\/wp-json\/wp\/v2\/comments?post=2499"}],"version-history":[{"count":40,"href":"https:\/\/svenskanu.fi\/laromaterial\/wp-json\/wp\/v2\/posts\/2499\/revisions"}],"predecessor-version":[{"id":4941,"href":"https:\/\/svenskanu.fi\/laromaterial\/wp-json\/wp\/v2\/posts\/2499\/revisions\/4941"}],"wp:featuredmedia":[{"embeddable":true,"href":"https:\/\/svenskanu.fi\/laromaterial\/wp-json\/wp\/v2\/media\/2500"}],"wp:attachment":[{"href":"https:\/\/svenskanu.fi\/laromaterial\/wp-json\/wp\/v2\/media?parent=2499"}],"wp:term":[{"taxonomy":"category","embeddable":true,"href":"https:\/\/svenskanu.fi\/laromaterial\/wp-json\/wp\/v2\/categories?post=2499"},{"taxonomy":"post_tag","embeddable":true,"href":"https:\/\/svenskanu.fi\/laromaterial\/wp-json\/wp\/v2\/tags?post=2499"}],"curies":[{"name":"wp","href":"https:\/\/api.w.org\/{rel}","templated":true}]}}