{"id":5965,"date":"2023-04-13T07:41:47","date_gmt":"2023-04-13T07:41:47","guid":{"rendered":"https:\/\/svenskanu.fi\/laromaterial\/?p=5965"},"modified":"2023-04-25T08:39:20","modified_gmt":"2023-04-25T08:39:20","slug":"gustav-vasa-500","status":"publish","type":"post","link":"https:\/\/svenskanu.fi\/laromaterial\/gustav-vasa-500\/","title":{"rendered":"Gustav Vasa 500"},"content":{"rendered":"\t\t<div data-elementor-type=\"wp-post\" data-elementor-id=\"5965\" class=\"elementor elementor-5965\" data-elementor-post-type=\"post\">\n\t\t\t\t\t\t<section class=\"elementor-section elementor-top-section elementor-element elementor-element-d8a2aa8 elementor-section-boxed elementor-section-height-default elementor-section-height-default parallax_section_no qode_elementor_container_no\" data-id=\"d8a2aa8\" data-element_type=\"section\" data-e-type=\"section\">\n\t\t\t\t\t\t<div class=\"elementor-container elementor-column-gap-default\">\n\t\t\t\t\t<div class=\"elementor-column elementor-col-100 elementor-top-column elementor-element elementor-element-d1ab5b0\" data-id=\"d1ab5b0\" data-element_type=\"column\" data-e-type=\"column\">\n\t\t\t<div class=\"elementor-widget-wrap elementor-element-populated\">\n\t\t\t\t\t\t<div class=\"elementor-element elementor-element-cc66c6f elementor-widget elementor-widget-text-editor\" data-id=\"cc66c6f\" data-element_type=\"widget\" data-e-type=\"widget\" data-widget_type=\"text-editor.default\">\n\t\t\t\t<div class=\"elementor-widget-container\">\n\t\t\t\t\t\t\t\t\t<p>\u00c5r 2023 har det g\u00e5tt 500 \u00e5r sedan Gustav Vasa valdes till Sveriges kung. Gustav Vasa blev vald till kung i staden Str\u00e4ngn\u00e4s 6 juni 1523. Dagen firas idag som Sveriges nationaldag!<\/p>\t\t\t\t\t\t\t\t<\/div>\n\t\t\t\t<\/div>\n\t\t\t\t\t<\/div>\n\t\t<\/div>\n\t\t\t\t\t<\/div>\n\t\t<\/section>\n\t\t\t\t<section class=\"elementor-section elementor-top-section elementor-element elementor-element-06494e9 elementor-section-boxed elementor-section-height-default elementor-section-height-default parallax_section_no qode_elementor_container_no\" data-id=\"06494e9\" data-element_type=\"section\" data-e-type=\"section\">\n\t\t\t\t\t\t<div class=\"elementor-container elementor-column-gap-default\">\n\t\t\t\t\t<div class=\"elementor-column elementor-col-100 elementor-top-column elementor-element elementor-element-f111e00\" data-id=\"f111e00\" data-element_type=\"column\" data-e-type=\"column\">\n\t\t\t<div class=\"elementor-widget-wrap elementor-element-populated\">\n\t\t\t\t\t\t<div class=\"elementor-element elementor-element-115a9d3 elementor-widget elementor-widget-text-editor\" data-id=\"115a9d3\" data-element_type=\"widget\" data-e-type=\"widget\" data-widget_type=\"text-editor.default\">\n\t\t\t\t<div class=\"elementor-widget-container\">\n\t\t\t\t\t\t\t\t\t<p style=\"text-align: left;\">Bekanta Gustav Vasas regeringstid och l\u00e4r dig vilken inverkan den hade p\u00e5 Sveriges historia och det svenska samh\u00e4llet idag. Du kan v\u00e4lja mellan en l\u00e4ttl\u00e4st version eller en avancerad version av materialet. I materialet hittar du texter och uppgifter om Gustav Vasa samt videor som visar f\u00f6rem\u00e5l fr\u00e5n hans tid.<\/p>\t\t\t\t\t\t\t\t<\/div>\n\t\t\t\t<\/div>\n\t\t\t\t\t<\/div>\n\t\t<\/div>\n\t\t\t\t\t<\/div>\n\t\t<\/section>\n\t\t\t\t<section class=\"elementor-section elementor-top-section elementor-element elementor-element-4c0f54b elementor-section-boxed elementor-section-height-default elementor-section-height-default parallax_section_no qode_elementor_container_no\" data-id=\"4c0f54b\" data-element_type=\"section\" data-e-type=\"section\">\n\t\t\t\t\t\t<div class=\"elementor-container elementor-column-gap-default\">\n\t\t\t\t\t<div class=\"elementor-column elementor-col-100 elementor-top-column elementor-element elementor-element-b914c24\" data-id=\"b914c24\" data-element_type=\"column\" data-e-type=\"column\">\n\t\t\t<div class=\"elementor-widget-wrap elementor-element-populated\">\n\t\t\t\t\t\t<div class=\"elementor-element elementor-element-7bd5e0a elementor-widget elementor-widget-spacer\" data-id=\"7bd5e0a\" data-element_type=\"widget\" data-e-type=\"widget\" data-widget_type=\"spacer.default\">\n\t\t\t\t<div class=\"elementor-widget-container\">\n\t\t\t\t\t\t\t<div class=\"elementor-spacer\">\n\t\t\t<div class=\"elementor-spacer-inner\"><\/div>\n\t\t<\/div>\n\t\t\t\t\t\t<\/div>\n\t\t\t\t<\/div>\n\t\t\t\t\t<\/div>\n\t\t<\/div>\n\t\t\t\t\t<\/div>\n\t\t<\/section>\n\t\t\t\t<section class=\"elementor-section elementor-top-section elementor-element elementor-element-7fe53ef elementor-section-boxed elementor-section-height-default elementor-section-height-default parallax_section_no qode_elementor_container_no\" data-id=\"7fe53ef\" data-element_type=\"section\" data-e-type=\"section\">\n\t\t\t\t\t\t<div class=\"elementor-container elementor-column-gap-default\">\n\t\t\t\t\t<div class=\"elementor-column elementor-col-50 elementor-top-column elementor-element elementor-element-afea318\" data-id=\"afea318\" data-element_type=\"column\" data-e-type=\"column\">\n\t\t\t<div class=\"elementor-widget-wrap elementor-element-populated\">\n\t\t\t\t\t\t<div class=\"elementor-element elementor-element-34cbabe elementor-align-center elementor-widget elementor-widget-button\" data-id=\"34cbabe\" data-element_type=\"widget\" data-e-type=\"widget\" data-widget_type=\"button.default\">\n\t\t\t\t<div class=\"elementor-widget-container\">\n\t\t\t\t\t\t\t\t\t<div class=\"elementor-button-wrapper\">\n\t\t\t\t\t<a class=\"elementor-button elementor-button-link elementor-size-sm\" href=\"https:\/\/svenskanu.fi\/laromaterial\/gustav-vasa-500-lattlast\/\" target=\"_blank\">\n\t\t\t\t\t\t<span class=\"elementor-button-content-wrapper\">\n\t\t\t\t\t\t\t\t\t<span class=\"elementor-button-text\">L\u00e4ttl\u00e4st<\/span>\n\t\t\t\t\t<\/span>\n\t\t\t\t\t<\/a>\n\t\t\t\t<\/div>\n\t\t\t\t\t\t\t\t<\/div>\n\t\t\t\t<\/div>\n\t\t\t\t\t<\/div>\n\t\t<\/div>\n\t\t\t\t<div class=\"elementor-column elementor-col-50 elementor-top-column elementor-element elementor-element-52cd6e8\" data-id=\"52cd6e8\" data-element_type=\"column\" data-e-type=\"column\">\n\t\t\t<div class=\"elementor-widget-wrap elementor-element-populated\">\n\t\t\t\t\t\t<div class=\"elementor-element elementor-element-c20f62d elementor-align-center elementor-widget elementor-widget-button\" data-id=\"c20f62d\" data-element_type=\"widget\" data-e-type=\"widget\" data-widget_type=\"button.default\">\n\t\t\t\t<div class=\"elementor-widget-container\">\n\t\t\t\t\t\t\t\t\t<div class=\"elementor-button-wrapper\">\n\t\t\t\t\t<a class=\"elementor-button elementor-button-link elementor-size-sm\" href=\"https:\/\/svenskanu.fi\/laromaterial\/gustav-vasa-500-avancerad\/\" target=\"_blank\">\n\t\t\t\t\t\t<span class=\"elementor-button-content-wrapper\">\n\t\t\t\t\t\t\t\t\t<span class=\"elementor-button-text\">Avancerad<\/span>\n\t\t\t\t\t<\/span>\n\t\t\t\t\t<\/a>\n\t\t\t\t<\/div>\n\t\t\t\t\t\t\t\t<\/div>\n\t\t\t\t<\/div>\n\t\t\t\t\t<\/div>\n\t\t<\/div>\n\t\t\t\t\t<\/div>\n\t\t<\/section>\n\t\t\t\t<section class=\"elementor-section elementor-top-section elementor-element elementor-element-aae8faa elementor-section-boxed elementor-section-height-default elementor-section-height-default parallax_section_no qode_elementor_container_no\" data-id=\"aae8faa\" data-element_type=\"section\" data-e-type=\"section\">\n\t\t\t\t\t\t<div class=\"elementor-container elementor-column-gap-default\">\n\t\t\t\t\t<div class=\"elementor-column elementor-col-100 elementor-top-column elementor-element elementor-element-2dcf7c7\" data-id=\"2dcf7c7\" data-element_type=\"column\" data-e-type=\"column\">\n\t\t\t<div class=\"elementor-widget-wrap elementor-element-populated\">\n\t\t\t\t\t\t<div class=\"elementor-element elementor-element-eec14ec elementor-widget elementor-widget-spacer\" data-id=\"eec14ec\" data-element_type=\"widget\" data-e-type=\"widget\" data-widget_type=\"spacer.default\">\n\t\t\t\t<div class=\"elementor-widget-container\">\n\t\t\t\t\t\t\t<div class=\"elementor-spacer\">\n\t\t\t<div class=\"elementor-spacer-inner\"><\/div>\n\t\t<\/div>\n\t\t\t\t\t\t<\/div>\n\t\t\t\t<\/div>\n\t\t\t\t<div class=\"elementor-element elementor-element-798d85c elementor-widget elementor-widget-text-editor\" data-id=\"798d85c\" data-element_type=\"widget\" data-e-type=\"widget\" data-widget_type=\"text-editor.default\">\n\t\t\t\t<div class=\"elementor-widget-container\">\n\t\t\t\t\t\t\t\t\t<p><em>\u00c4r ni intresserade av Sveriges kungliga historia? Kolla ocks\u00e5 in <a href=\"https:\/\/svenskanu.fi\/program\/livrustkammaren-kunglig-historia\/\" target=\"_blank\" rel=\"noopener\">Livrustkammarens virtuella guidningar<\/a> som ni kan boka f\u00f6r er klass!<\/em><\/p>\t\t\t\t\t\t\t\t<\/div>\n\t\t\t\t<\/div>\n\t\t\t\t<div class=\"elementor-element elementor-element-ffd9138 elementor-widget elementor-widget-spacer\" data-id=\"ffd9138\" data-element_type=\"widget\" data-e-type=\"widget\" data-widget_type=\"spacer.default\">\n\t\t\t\t<div class=\"elementor-widget-container\">\n\t\t\t\t\t\t\t<div class=\"elementor-spacer\">\n\t\t\t<div class=\"elementor-spacer-inner\"><\/div>\n\t\t<\/div>\n\t\t\t\t\t\t<\/div>\n\t\t\t\t<\/div>\n\t\t\t\t\t<\/div>\n\t\t<\/div>\n\t\t\t\t\t<\/div>\n\t\t<\/section>\n\t\t\t\t<\/div>\n\t\t","protected":false},"excerpt":{"rendered":"<p>\u00c5r 2023 har det g\u00e5tt 500 \u00e5r sedan Gustav Vasa valdes till Sveriges kung. Bekanta dig med Gustav Vasas tid och hans arv och se intressanta f\u00f6rem\u00e5l fr\u00e5n hans tid.<\/p>\n","protected":false},"author":3,"featured_media":5967,"comment_status":"open","ping_status":"open","sticky":false,"template":"","format":"standard","meta":{"footnotes":""},"categories":[21,20,14],"tags":[],"class_list":["post-5965","post","type-post","status-publish","format-standard","has-post-thumbnail","hentry","category-gymnasiet","category-hogstadiet","category-nyheter"],"yoast_head":"<!-- This site is optimized with the Yoast SEO plugin v27.5 - https:\/\/yoast.com\/product\/yoast-seo-wordpress\/ -->\n<title>Gustav Vasa 500 - Plugga nu<\/title>\n<meta name=\"robots\" content=\"index, follow, max-snippet:-1, max-image-preview:large, max-video-preview:-1\" \/>\n<link rel=\"canonical\" href=\"https:\/\/svenskanu.fi\/laromaterial\/gustav-vasa-500\/\" \/>\n<meta property=\"og:locale\" content=\"en_US\" \/>\n<meta property=\"og:type\" content=\"article\" \/>\n<meta property=\"og:title\" content=\"Gustav Vasa 500 - Plugga nu\" \/>\n<meta property=\"og:description\" content=\"\u00c5r 2023 har det g\u00e5tt 500 \u00e5r sedan Gustav Vasa valdes till Sveriges kung. Bekanta dig med Gustav Vasas tid och hans arv och se intressanta f\u00f6rem\u00e5l fr\u00e5n hans tid.\" \/>\n<meta property=\"og:url\" content=\"https:\/\/svenskanu.fi\/laromaterial\/gustav-vasa-500\/\" \/>\n<meta property=\"og:site_name\" content=\"Plugga nu\" \/>\n<meta property=\"article:published_time\" content=\"2023-04-13T07:41:47+00:00\" \/>\n<meta property=\"article:modified_time\" content=\"2023-04-25T08:39:20+00:00\" \/>\n<meta property=\"og:image\" content=\"https:\/\/svenskanu.fi\/laromaterial\/wp-content\/uploads\/2023\/04\/GV-500.png\" \/>\n\t<meta property=\"og:image:width\" content=\"1366\" \/>\n\t<meta property=\"og:image:height\" content=\"768\" \/>\n\t<meta property=\"og:image:type\" content=\"image\/png\" \/>\n<meta name=\"author\" content=\"oona.mertoniemi\" \/>\n<meta name=\"twitter:card\" content=\"summary_large_image\" \/>\n<meta name=\"twitter:label1\" content=\"Written by\" \/>\n\t<meta name=\"twitter:data1\" content=\"oona.mertoniemi\" \/>\n\t<meta name=\"twitter:label2\" content=\"Est. reading time\" \/>\n\t<meta name=\"twitter:data2\" content=\"1 minute\" \/>\n<script type=\"application\/ld+json\" class=\"yoast-schema-graph\">{\"@context\":\"https:\\\/\\\/schema.org\",\"@graph\":[{\"@type\":\"Article\",\"@id\":\"https:\\\/\\\/svenskanu.fi\\\/laromaterial\\\/gustav-vasa-500\\\/#article\",\"isPartOf\":{\"@id\":\"https:\\\/\\\/svenskanu.fi\\\/laromaterial\\\/gustav-vasa-500\\\/\"},\"author\":{\"name\":\"oona.mertoniemi\",\"@id\":\"https:\\\/\\\/svenskanu.fi\\\/laromaterial\\\/#\\\/schema\\\/person\\\/f34aedf715441b8e5ef135c818634fa8\"},\"headline\":\"Gustav Vasa 500\",\"datePublished\":\"2023-04-13T07:41:47+00:00\",\"dateModified\":\"2023-04-25T08:39:20+00:00\",\"mainEntityOfPage\":{\"@id\":\"https:\\\/\\\/svenskanu.fi\\\/laromaterial\\\/gustav-vasa-500\\\/\"},\"wordCount\":116,\"commentCount\":0,\"image\":{\"@id\":\"https:\\\/\\\/svenskanu.fi\\\/laromaterial\\\/gustav-vasa-500\\\/#primaryimage\"},\"thumbnailUrl\":\"https:\\\/\\\/svenskanu.fi\\\/laromaterial\\\/wp-content\\\/uploads\\\/2023\\\/04\\\/GV-500.png\",\"articleSection\":[\"Gymnasiet\",\"H\u00f6gstadiet\",\"Nyhetsfl\u00f6de\"],\"inLanguage\":\"en-US\",\"potentialAction\":[{\"@type\":\"CommentAction\",\"name\":\"Comment\",\"target\":[\"https:\\\/\\\/svenskanu.fi\\\/laromaterial\\\/gustav-vasa-500\\\/#respond\"]}]},{\"@type\":\"WebPage\",\"@id\":\"https:\\\/\\\/svenskanu.fi\\\/laromaterial\\\/gustav-vasa-500\\\/\",\"url\":\"https:\\\/\\\/svenskanu.fi\\\/laromaterial\\\/gustav-vasa-500\\\/\",\"name\":\"Gustav Vasa 500 - Plugga nu\",\"isPartOf\":{\"@id\":\"https:\\\/\\\/svenskanu.fi\\\/laromaterial\\\/#website\"},\"primaryImageOfPage\":{\"@id\":\"https:\\\/\\\/svenskanu.fi\\\/laromaterial\\\/gustav-vasa-500\\\/#primaryimage\"},\"image\":{\"@id\":\"https:\\\/\\\/svenskanu.fi\\\/laromaterial\\\/gustav-vasa-500\\\/#primaryimage\"},\"thumbnailUrl\":\"https:\\\/\\\/svenskanu.fi\\\/laromaterial\\\/wp-content\\\/uploads\\\/2023\\\/04\\\/GV-500.png\",\"datePublished\":\"2023-04-13T07:41:47+00:00\",\"dateModified\":\"2023-04-25T08:39:20+00:00\",\"author\":{\"@id\":\"https:\\\/\\\/svenskanu.fi\\\/laromaterial\\\/#\\\/schema\\\/person\\\/f34aedf715441b8e5ef135c818634fa8\"},\"breadcrumb\":{\"@id\":\"https:\\\/\\\/svenskanu.fi\\\/laromaterial\\\/gustav-vasa-500\\\/#breadcrumb\"},\"inLanguage\":\"en-US\",\"potentialAction\":[{\"@type\":\"ReadAction\",\"target\":[\"https:\\\/\\\/svenskanu.fi\\\/laromaterial\\\/gustav-vasa-500\\\/\"]}]},{\"@type\":\"ImageObject\",\"inLanguage\":\"en-US\",\"@id\":\"https:\\\/\\\/svenskanu.fi\\\/laromaterial\\\/gustav-vasa-500\\\/#primaryimage\",\"url\":\"https:\\\/\\\/svenskanu.fi\\\/laromaterial\\\/wp-content\\\/uploads\\\/2023\\\/04\\\/GV-500.png\",\"contentUrl\":\"https:\\\/\\\/svenskanu.fi\\\/laromaterial\\\/wp-content\\\/uploads\\\/2023\\\/04\\\/GV-500.png\",\"width\":1366,\"height\":768},{\"@type\":\"BreadcrumbList\",\"@id\":\"https:\\\/\\\/svenskanu.fi\\\/laromaterial\\\/gustav-vasa-500\\\/#breadcrumb\",\"itemListElement\":[{\"@type\":\"ListItem\",\"position\":1,\"name\":\"Home\",\"item\":\"https:\\\/\\\/svenskanu.fi\\\/laromaterial\\\/\"},{\"@type\":\"ListItem\",\"position\":2,\"name\":\"Gustav Vasa 500\"}]},{\"@type\":\"WebSite\",\"@id\":\"https:\\\/\\\/svenskanu.fi\\\/laromaterial\\\/#website\",\"url\":\"https:\\\/\\\/svenskanu.fi\\\/laromaterial\\\/\",\"name\":\"Plugga nu\",\"description\":\"svenskanu\",\"potentialAction\":[{\"@type\":\"SearchAction\",\"target\":{\"@type\":\"EntryPoint\",\"urlTemplate\":\"https:\\\/\\\/svenskanu.fi\\\/laromaterial\\\/?s={search_term_string}\"},\"query-input\":{\"@type\":\"PropertyValueSpecification\",\"valueRequired\":true,\"valueName\":\"search_term_string\"}}],\"inLanguage\":\"en-US\"},{\"@type\":\"Person\",\"@id\":\"https:\\\/\\\/svenskanu.fi\\\/laromaterial\\\/#\\\/schema\\\/person\\\/f34aedf715441b8e5ef135c818634fa8\",\"name\":\"oona.mertoniemi\",\"url\":\"https:\\\/\\\/svenskanu.fi\\\/laromaterial\\\/author\\\/oona-mertoniemi\\\/\"}]}<\/script>\n<!-- \/ Yoast SEO plugin. -->","yoast_head_json":{"title":"Gustav Vasa 500 - Plugga nu","robots":{"index":"index","follow":"follow","max-snippet":"max-snippet:-1","max-image-preview":"max-image-preview:large","max-video-preview":"max-video-preview:-1"},"canonical":"https:\/\/svenskanu.fi\/laromaterial\/gustav-vasa-500\/","og_locale":"en_US","og_type":"article","og_title":"Gustav Vasa 500 - Plugga nu","og_description":"\u00c5r 2023 har det g\u00e5tt 500 \u00e5r sedan Gustav Vasa valdes till Sveriges kung. Bekanta dig med Gustav Vasas tid och hans arv och se intressanta f\u00f6rem\u00e5l fr\u00e5n hans tid.","og_url":"https:\/\/svenskanu.fi\/laromaterial\/gustav-vasa-500\/","og_site_name":"Plugga nu","article_published_time":"2023-04-13T07:41:47+00:00","article_modified_time":"2023-04-25T08:39:20+00:00","og_image":[{"width":1366,"height":768,"url":"https:\/\/svenskanu.fi\/laromaterial\/wp-content\/uploads\/2023\/04\/GV-500.png","type":"image\/png"}],"author":"oona.mertoniemi","twitter_card":"summary_large_image","twitter_misc":{"Written by":"oona.mertoniemi","Est. reading time":"1 minute"},"schema":{"@context":"https:\/\/schema.org","@graph":[{"@type":"Article","@id":"https:\/\/svenskanu.fi\/laromaterial\/gustav-vasa-500\/#article","isPartOf":{"@id":"https:\/\/svenskanu.fi\/laromaterial\/gustav-vasa-500\/"},"author":{"name":"oona.mertoniemi","@id":"https:\/\/svenskanu.fi\/laromaterial\/#\/schema\/person\/f34aedf715441b8e5ef135c818634fa8"},"headline":"Gustav Vasa 500","datePublished":"2023-04-13T07:41:47+00:00","dateModified":"2023-04-25T08:39:20+00:00","mainEntityOfPage":{"@id":"https:\/\/svenskanu.fi\/laromaterial\/gustav-vasa-500\/"},"wordCount":116,"commentCount":0,"image":{"@id":"https:\/\/svenskanu.fi\/laromaterial\/gustav-vasa-500\/#primaryimage"},"thumbnailUrl":"https:\/\/svenskanu.fi\/laromaterial\/wp-content\/uploads\/2023\/04\/GV-500.png","articleSection":["Gymnasiet","H\u00f6gstadiet","Nyhetsfl\u00f6de"],"inLanguage":"en-US","potentialAction":[{"@type":"CommentAction","name":"Comment","target":["https:\/\/svenskanu.fi\/laromaterial\/gustav-vasa-500\/#respond"]}]},{"@type":"WebPage","@id":"https:\/\/svenskanu.fi\/laromaterial\/gustav-vasa-500\/","url":"https:\/\/svenskanu.fi\/laromaterial\/gustav-vasa-500\/","name":"Gustav Vasa 500 - Plugga nu","isPartOf":{"@id":"https:\/\/svenskanu.fi\/laromaterial\/#website"},"primaryImageOfPage":{"@id":"https:\/\/svenskanu.fi\/laromaterial\/gustav-vasa-500\/#primaryimage"},"image":{"@id":"https:\/\/svenskanu.fi\/laromaterial\/gustav-vasa-500\/#primaryimage"},"thumbnailUrl":"https:\/\/svenskanu.fi\/laromaterial\/wp-content\/uploads\/2023\/04\/GV-500.png","datePublished":"2023-04-13T07:41:47+00:00","dateModified":"2023-04-25T08:39:20+00:00","author":{"@id":"https:\/\/svenskanu.fi\/laromaterial\/#\/schema\/person\/f34aedf715441b8e5ef135c818634fa8"},"breadcrumb":{"@id":"https:\/\/svenskanu.fi\/laromaterial\/gustav-vasa-500\/#breadcrumb"},"inLanguage":"en-US","potentialAction":[{"@type":"ReadAction","target":["https:\/\/svenskanu.fi\/laromaterial\/gustav-vasa-500\/"]}]},{"@type":"ImageObject","inLanguage":"en-US","@id":"https:\/\/svenskanu.fi\/laromaterial\/gustav-vasa-500\/#primaryimage","url":"https:\/\/svenskanu.fi\/laromaterial\/wp-content\/uploads\/2023\/04\/GV-500.png","contentUrl":"https:\/\/svenskanu.fi\/laromaterial\/wp-content\/uploads\/2023\/04\/GV-500.png","width":1366,"height":768},{"@type":"BreadcrumbList","@id":"https:\/\/svenskanu.fi\/laromaterial\/gustav-vasa-500\/#breadcrumb","itemListElement":[{"@type":"ListItem","position":1,"name":"Home","item":"https:\/\/svenskanu.fi\/laromaterial\/"},{"@type":"ListItem","position":2,"name":"Gustav Vasa 500"}]},{"@type":"WebSite","@id":"https:\/\/svenskanu.fi\/laromaterial\/#website","url":"https:\/\/svenskanu.fi\/laromaterial\/","name":"Plugga nu","description":"svenskanu","potentialAction":[{"@type":"SearchAction","target":{"@type":"EntryPoint","urlTemplate":"https:\/\/svenskanu.fi\/laromaterial\/?s={search_term_string}"},"query-input":{"@type":"PropertyValueSpecification","valueRequired":true,"valueName":"search_term_string"}}],"inLanguage":"en-US"},{"@type":"Person","@id":"https:\/\/svenskanu.fi\/laromaterial\/#\/schema\/person\/f34aedf715441b8e5ef135c818634fa8","name":"oona.mertoniemi","url":"https:\/\/svenskanu.fi\/laromaterial\/author\/oona-mertoniemi\/"}]}},"_links":{"self":[{"href":"https:\/\/svenskanu.fi\/laromaterial\/wp-json\/wp\/v2\/posts\/5965","targetHints":{"allow":["GET"]}}],"collection":[{"href":"https:\/\/svenskanu.fi\/laromaterial\/wp-json\/wp\/v2\/posts"}],"about":[{"href":"https:\/\/svenskanu.fi\/laromaterial\/wp-json\/wp\/v2\/types\/post"}],"author":[{"embeddable":true,"href":"https:\/\/svenskanu.fi\/laromaterial\/wp-json\/wp\/v2\/users\/3"}],"replies":[{"embeddable":true,"href":"https:\/\/svenskanu.fi\/laromaterial\/wp-json\/wp\/v2\/comments?post=5965"}],"version-history":[{"count":23,"href":"https:\/\/svenskanu.fi\/laromaterial\/wp-json\/wp\/v2\/posts\/5965\/revisions"}],"predecessor-version":[{"id":6075,"href":"https:\/\/svenskanu.fi\/laromaterial\/wp-json\/wp\/v2\/posts\/5965\/revisions\/6075"}],"wp:featuredmedia":[{"embeddable":true,"href":"https:\/\/svenskanu.fi\/laromaterial\/wp-json\/wp\/v2\/media\/5967"}],"wp:attachment":[{"href":"https:\/\/svenskanu.fi\/laromaterial\/wp-json\/wp\/v2\/media?parent=5965"}],"wp:term":[{"taxonomy":"category","embeddable":true,"href":"https:\/\/svenskanu.fi\/laromaterial\/wp-json\/wp\/v2\/categories?post=5965"},{"taxonomy":"post_tag","embeddable":true,"href":"https:\/\/svenskanu.fi\/laromaterial\/wp-json\/wp\/v2\/tags?post=5965"}],"curies":[{"name":"wp","href":"https:\/\/api.w.org\/{rel}","templated":true}]}}