{"id":788,"date":"2020-07-24T10:32:56","date_gmt":"2020-07-24T10:32:56","guid":{"rendered":"https:\/\/svenskanu.fi\/laromaterial\/?p=788"},"modified":"2022-09-15T04:46:43","modified_gmt":"2022-09-15T04:46:43","slug":"svenska-i-naturen","status":"publish","type":"post","link":"https:\/\/svenskanu.fi\/laromaterial\/svenska-i-naturen\/","title":{"rendered":"Svenska i naturen"},"content":{"rendered":"\t\t<div data-elementor-type=\"wp-post\" data-elementor-id=\"788\" class=\"elementor elementor-788\" data-elementor-post-type=\"post\">\n\t\t\t\t\t\t<section class=\"elementor-section elementor-top-section elementor-element elementor-element-7fddad1d elementor-section-boxed elementor-section-height-default elementor-section-height-default parallax_section_no qode_elementor_container_no\" data-id=\"7fddad1d\" data-element_type=\"section\" data-e-type=\"section\">\n\t\t\t\t\t\t<div class=\"elementor-container elementor-column-gap-default\">\n\t\t\t\t\t<div class=\"elementor-column elementor-col-100 elementor-top-column elementor-element elementor-element-69ec6bb9\" data-id=\"69ec6bb9\" data-element_type=\"column\" data-e-type=\"column\">\n\t\t\t<div class=\"elementor-widget-wrap elementor-element-populated\">\n\t\t\t\t\t\t<div class=\"elementor-element elementor-element-c0e9496 elementor-widget elementor-widget-text-editor\" data-id=\"c0e9496\" data-element_type=\"widget\" data-e-type=\"widget\" data-widget_type=\"text-editor.default\">\n\t\t\t\t<div class=\"elementor-widget-container\">\n\t\t\t\t\t\t\t\t\t<p><em>Svenska i naturen<\/em> \u00e4r ett samarbete mellan Svenska nu och Natur och Milj\u00f6 r.f. V\u00e5rt m\u00e5l \u00e4r att g\u00f6ra svenskan konkret och rolig f\u00f6r eleverna, samt inspirera l\u00e4rare att anv\u00e4nda n\u00e4rmilj\u00f6n i spr\u00e5kundervisningen.<\/p>\t\t\t\t\t\t\t\t<\/div>\n\t\t\t\t<\/div>\n\t\t\t\t<div class=\"elementor-element elementor-element-2e85e8a4 elementor-widget elementor-widget-text-editor\" data-id=\"2e85e8a4\" data-element_type=\"widget\" data-e-type=\"widget\" data-widget_type=\"text-editor.default\">\n\t\t\t\t<div class=\"elementor-widget-container\">\n\t\t\t\t\t\t\t\t\t\n<ul>\n<li>Eleverna f\u00e5r anv\u00e4ndning f\u00f6r den svenska de redan kan.<\/li>\n<li>De m\u00f6ter ocks\u00e5 nya ord och begrepp som kan komma till nytta i deras vardag.<\/li>\n<li>Eleverna f\u00e5r \u00f6va sig p\u00e5 sina samarbetsf\u00e4rdigheter f\u00f6r att l\u00f6sa kluriga uppdrag.<\/li>\n<\/ul>\n\t\t\t\t\t\t\t\t<\/div>\n\t\t\t\t<\/div>\n\t\t\t\t<div class=\"elementor-element elementor-element-b8039c8 elementor-widget elementor-widget-text-editor\" data-id=\"b8039c8\" data-element_type=\"widget\" data-e-type=\"widget\" data-widget_type=\"text-editor.default\">\n\t\t\t\t<div class=\"elementor-widget-container\">\n\t\t\t\t\t\t\t\t\t<p>\u00d6vningarna \u00e4r l\u00e4tta att printa ut, laminera och anv\u00e4nda i n\u00e4rskogarna. Ge dina elever en chans att tr\u00e4na svenska under en fartylld utedag i n\u00e4rmilj\u00f6n! <\/p>\t\t\t\t\t\t\t\t<\/div>\n\t\t\t\t<\/div>\n\t\t\t\t<div class=\"elementor-element elementor-element-98dd852 elementor-widget elementor-widget-spacer\" data-id=\"98dd852\" data-element_type=\"widget\" data-e-type=\"widget\" data-widget_type=\"spacer.default\">\n\t\t\t\t<div class=\"elementor-widget-container\">\n\t\t\t\t\t\t\t<div class=\"elementor-spacer\">\n\t\t\t<div class=\"elementor-spacer-inner\"><\/div>\n\t\t<\/div>\n\t\t\t\t\t\t<\/div>\n\t\t\t\t<\/div>\n\t\t\t\t<div class=\"elementor-element elementor-element-0d8f4fe elementor-widget elementor-widget-heading\" data-id=\"0d8f4fe\" data-element_type=\"widget\" data-e-type=\"widget\" data-widget_type=\"heading.default\">\n\t\t\t\t<div class=\"elementor-widget-container\">\n\t\t\t\t\t<h2 class=\"elementor-heading-title elementor-size-default\">\u00f6vningar f\u00f6r nyb\u00f6rjare<\/h2>\t\t\t\t<\/div>\n\t\t\t\t<\/div>\n\t\t\t\t<section class=\"elementor-section elementor-inner-section elementor-element elementor-element-a74d656 elementor-section-boxed elementor-section-height-default elementor-section-height-default parallax_section_no qode_elementor_container_no\" data-id=\"a74d656\" data-element_type=\"section\" data-e-type=\"section\">\n\t\t\t\t\t\t<div class=\"elementor-container elementor-column-gap-default\">\n\t\t\t\t\t<div class=\"elementor-column elementor-col-50 elementor-inner-column elementor-element elementor-element-bf198f8\" data-id=\"bf198f8\" data-element_type=\"column\" data-e-type=\"column\">\n\t\t\t<div class=\"elementor-widget-wrap elementor-element-populated\">\n\t\t\t\t\t\t<div class=\"elementor-element elementor-element-8d0063b elementor-widget elementor-widget-text-editor\" data-id=\"8d0063b\" data-element_type=\"widget\" data-e-type=\"widget\" data-widget_type=\"text-editor.default\">\n\t\t\t\t<div class=\"elementor-widget-container\">\n\t\t\t\t\t\t\t\t\t<ol>\n<li><a href=\"https:\/\/svenskanu.fi\/laromaterial\/wp-content\/uploads\/2022\/09\/Svenska_i_naturen_Hej_pa_dej.pdf\">Hej p\u00e5 dig!<\/a> (h\u00e4lsningsfraser)<\/li>\n<li><a href=\"https:\/\/svenskanu.fi\/laromaterial\/wp-content\/uploads\/2022\/08\/Svenska-i-naturen_Fotoutmaningen.pdf\">Fotoutmaningen<\/a> (prepositioner)<\/li>\n<li><a href=\"https:\/\/svenskanu.fi\/laromaterial\/wp-content\/uploads\/2022\/09\/Svenska_i_naturen_Rorelsetrail_med_prepositioner.pdf\">R\u00f6relsetrail<\/a> (prepositioner)<\/li>\n<li><a href=\"https:\/\/svenskanu.fi\/laromaterial\/wp-content\/uploads\/2022\/08\/Svenska-i-naturen_Motsatsord.pdf\">Motsatsord<\/a> (adjektiv)<\/li>\n<li><a href=\"https:\/\/svenskanu.fi\/laromaterial\/wp-content\/uploads\/2022\/09\/Svenska_i_naturen_Hart_eller_mjukt.pdf\">H\u00e5rt eller mjukt?<\/a> (adjektiv)<\/li>\n<li><a href=\"https:\/\/svenskanu.fi\/laromaterial\/wp-content\/uploads\/2022\/09\/Svenska_i_naturen_Vad_gor_du.pdf\">Vad g\u00f6r du?<\/a> (verb)<\/li>\n<\/ol>\t\t\t\t\t\t\t\t<\/div>\n\t\t\t\t<\/div>\n\t\t\t\t\t<\/div>\n\t\t<\/div>\n\t\t\t\t<div class=\"elementor-column elementor-col-50 elementor-inner-column elementor-element elementor-element-e7830f6\" data-id=\"e7830f6\" data-element_type=\"column\" data-e-type=\"column\">\n\t\t\t<div class=\"elementor-widget-wrap elementor-element-populated\">\n\t\t\t\t\t\t<div class=\"elementor-element elementor-element-561ab9e elementor-widget elementor-widget-text-editor\" data-id=\"561ab9e\" data-element_type=\"widget\" data-e-type=\"widget\" data-widget_type=\"text-editor.default\">\n\t\t\t\t<div class=\"elementor-widget-container\">\n\t\t\t\t\t\t\t\t\t<p>7. <a href=\"https:\/\/svenskanu.fi\/laromaterial\/wp-content\/uploads\/2022\/09\/Svenska_i_naturen_Bingo_med_naturforemal.pdf\">Bingo med naturf\u00f6rem\u00e5l<\/a> (naturord)<\/p>\n<p>8.. <a href=\"https:\/\/svenskanu.fi\/laromaterial\/wp-content\/uploads\/2022\/08\/Svenska-i-naturen_Kalle_Kaos.pdf\">Kalle Kaos<\/a> (36-lek &#8211; naturord, verb m.m.)<\/p>\n<p>9. <a href=\"https:\/\/svenskanu.fi\/laromaterial\/wp-content\/uploads\/2022\/09\/Svenska_i_naturen_Fran_A_till_O_1509.pdf\">Fr\u00e5n A till \u00d6<\/a> (36-lek &#8211; naturord, verb m.m.)<\/p>\n<p>10. <a href=\"https:\/\/svenskanu.fi\/laromaterial\/wp-content\/uploads\/2022\/08\/Svenska-i-naturen_Ordfangaren.pdf\">Ordf\u00e5ngaren<\/a> (substantiv &#8211; hem)<\/p>\n<p>11. <a href=\"https:\/\/svenskanu.fi\/laromaterial\/wp-content\/uploads\/2022\/08\/Svenska-i-naturen_Ordrace.pdf\">Ordrace<\/a> (substantiv, adjektiv, verb)<\/p>\n<p>12. <a href=\"https:\/\/svenskanu.fi\/laromaterial\/wp-content\/uploads\/2022\/09\/Svenska_i_naturen-extra-ovningar.pdf\">Tips p\u00e5 \u00f6vriga utomhuslekar<\/a><\/p>\t\t\t\t\t\t\t\t<\/div>\n\t\t\t\t<\/div>\n\t\t\t\t\t<\/div>\n\t\t<\/div>\n\t\t\t\t\t<\/div>\n\t\t<\/section>\n\t\t\t\t\t<\/div>\n\t\t<\/div>\n\t\t\t\t\t<\/div>\n\t\t<\/section>\n\t\t\t\t<section class=\"elementor-section elementor-top-section elementor-element elementor-element-d589b1f elementor-section-boxed elementor-section-height-default elementor-section-height-default parallax_section_no qode_elementor_container_no\" data-id=\"d589b1f\" data-element_type=\"section\" data-e-type=\"section\">\n\t\t\t\t\t\t<div class=\"elementor-container elementor-column-gap-default\">\n\t\t\t\t\t<div class=\"elementor-column elementor-col-100 elementor-top-column elementor-element elementor-element-f04fff0\" data-id=\"f04fff0\" data-element_type=\"column\" data-e-type=\"column\">\n\t\t\t<div class=\"elementor-widget-wrap elementor-element-populated\">\n\t\t\t\t\t\t<div class=\"elementor-element elementor-element-daa8f8a elementor-widget elementor-widget-spacer\" data-id=\"daa8f8a\" data-element_type=\"widget\" data-e-type=\"widget\" data-widget_type=\"spacer.default\">\n\t\t\t\t<div class=\"elementor-widget-container\">\n\t\t\t\t\t\t\t<div class=\"elementor-spacer\">\n\t\t\t<div class=\"elementor-spacer-inner\"><\/div>\n\t\t<\/div>\n\t\t\t\t\t\t<\/div>\n\t\t\t\t<\/div>\n\t\t\t\t<div class=\"elementor-element elementor-element-9138d66 elementor-widget elementor-widget-heading\" data-id=\"9138d66\" data-element_type=\"widget\" data-e-type=\"widget\" data-widget_type=\"heading.default\">\n\t\t\t\t<div class=\"elementor-widget-container\">\n\t\t\t\t\t<h2 class=\"elementor-heading-title elementor-size-default\">\u00f6vningar f\u00f6r spr\u00e5kbadselever och l\u00e4ngre hunna elever<\/h2>\t\t\t\t<\/div>\n\t\t\t\t<\/div>\n\t\t\t\t<div class=\"elementor-element elementor-element-021a243 elementor-widget elementor-widget-text-editor\" data-id=\"021a243\" data-element_type=\"widget\" data-e-type=\"widget\" data-widget_type=\"text-editor.default\">\n\t\t\t\t<div class=\"elementor-widget-container\">\n\t\t\t\t\t\t\t\t\t<p>Eleverna f\u00e5r l\u00e4ra sig b\u00e5de om och i naturen genom fartfyllda lekar och praktiska \u00f6vningar! De f\u00e5r fundera \u00f6ver v\u00e4der och naturen omkring sig.\u00a0<\/p>\t\t\t\t\t\t\t\t<\/div>\n\t\t\t\t<\/div>\n\t\t\t\t<div class=\"elementor-element elementor-element-97a3bf6 elementor-widget elementor-widget-text-editor\" data-id=\"97a3bf6\" data-element_type=\"widget\" data-e-type=\"widget\" data-widget_type=\"text-editor.default\">\n\t\t\t\t<div class=\"elementor-widget-container\">\n\t\t\t\t\t\t\t\t\t<ol>\n<li><a href=\"https:\/\/svenskanu.fi\/laromaterial\/wp-content\/uploads\/2020\/10\/Snacka_om_va\u0308der.pdf\">Snacka om v\u00e4der<\/a> &#8211; e<span id=\"page259R_mcid0\" class=\"markedContent\"><span dir=\"ltr\" role=\"presentation\">leverna f\u00e5r \u00f6va sig p\u00e5 sm\u00e5prat samt att uttrycka sig om v\u00e4der<\/span><\/span><\/li>\n<li><a href=\"https:\/\/svenskanu.fi\/laromaterial\/wp-content\/uploads\/2020\/07\/SB_Sinnesbingo_va\u030ar.pdf\">Sinnesbingo v\u00e5r<\/a> &#8211; eleverna \u00f6var sig p\u00e5 att uppt\u00e4cka naturen omkring sig<\/li>\n<li><a href=\"https:\/\/svenskanu.fi\/laromaterial\/wp-content\/uploads\/2020\/07\/SB_Sinnesbingo_ho\u0308st.pdf\">Sinnesbingo h\u00f6st<\/a> &#8211; eleverna \u00f6var sig p\u00e5 att uppt\u00e4cka naturen omkring sig<\/li>\n<li><a href=\"https:\/\/svenskanu.fi\/laromaterial\/wp-content\/uploads\/2020\/10\/Naturguiden.pdf\">Naturguiden<\/a> &#8211; e<span id=\"page120R_mcid6\" class=\"markedContent\"><span dir=\"ltr\" role=\"presentation\">leverna f\u00e5r beskriva och ber\u00e4tta om sin omgivning<\/span><\/span><\/li>\n<li><a href=\"https:\/\/svenskanu.fi\/laromaterial\/wp-content\/uploads\/2020\/10\/Va\u0308derkort.pdf\">V\u00e4derkort<\/a> &#8211; eleverna \u00f6var sig p\u00e5 v\u00e4dersymboler och v\u00e4derrelaterade begrepp<\/li>\n<\/ol>\t\t\t\t\t\t\t\t<\/div>\n\t\t\t\t<\/div>\n\t\t\t\t<div class=\"elementor-element elementor-element-9a37292 elementor-widget elementor-widget-spacer\" data-id=\"9a37292\" data-element_type=\"widget\" data-e-type=\"widget\" data-widget_type=\"spacer.default\">\n\t\t\t\t<div class=\"elementor-widget-container\">\n\t\t\t\t\t\t\t<div class=\"elementor-spacer\">\n\t\t\t<div class=\"elementor-spacer-inner\"><\/div>\n\t\t<\/div>\n\t\t\t\t\t\t<\/div>\n\t\t\t\t<\/div>\n\t\t\t\t<div class=\"elementor-element elementor-element-1cb17a2 elementor-widget elementor-widget-text-editor\" data-id=\"1cb17a2\" data-element_type=\"widget\" data-e-type=\"widget\" data-widget_type=\"text-editor.default\">\n\t\t\t\t<div class=\"elementor-widget-container\">\n\t\t\t\t\t\t\t\t\t<p>Undervisningsmaterialet Svenska i naturen \u00e4r producerat av<a href=\"https:\/\/www.naturochmiljo.fi\/hem\/\"> Natur och Milj\u00f6 rf<\/a>:s naturskolor <a href=\"https:\/\/www.naturochmiljo.fi\/naturskola\/vara-naturskolor\/naturskolan-uttern\/\">Naturskolan Uttern<\/a> och <a href=\"https:\/\/www.naturochmiljo.fi\/naturskola\/vara-naturskolor\/kvarkens-naturskola\/\">Kvarkens naturskola<\/a>.<\/p>\t\t\t\t\t\t\t\t<\/div>\n\t\t\t\t<\/div>\n\t\t\t\t\t<\/div>\n\t\t<\/div>\n\t\t\t\t\t<\/div>\n\t\t<\/section>\n\t\t\t\t<\/div>\n\t\t","protected":false},"excerpt":{"rendered":"<p>Tr\u00e4na svenska under en fartylld utedag i n\u00e4rmilj\u00f6n! Materialet kombinerar utomhuspedagogiska \u00f6vningar med svenskundervisningen.<\/p>\n","protected":false},"author":1,"featured_media":4426,"comment_status":"open","ping_status":"open","sticky":false,"template":"","format":"standard","meta":{"footnotes":""},"categories":[20,5],"tags":[],"class_list":["post-788","post","type-post","status-publish","format-standard","has-post-thumbnail","hentry","category-hogstadiet","category-lagstadiet"],"yoast_head":"<!-- This site is optimized with the Yoast SEO plugin v27.5 - https:\/\/yoast.com\/product\/yoast-seo-wordpress\/ -->\n<title>Svenska i naturen - Plugga nu<\/title>\n<meta name=\"robots\" content=\"index, follow, max-snippet:-1, max-image-preview:large, max-video-preview:-1\" \/>\n<link rel=\"canonical\" href=\"https:\/\/svenskanu.fi\/laromaterial\/svenska-i-naturen\/\" \/>\n<meta property=\"og:locale\" content=\"en_US\" \/>\n<meta property=\"og:type\" content=\"article\" \/>\n<meta property=\"og:title\" content=\"Svenska i naturen - Plugga nu\" \/>\n<meta property=\"og:description\" content=\"Tr\u00e4na svenska under en fartylld utedag i n\u00e4rmilj\u00f6n! Materialet kombinerar utomhuspedagogiska \u00f6vningar med svenskundervisningen.\" \/>\n<meta property=\"og:url\" content=\"https:\/\/svenskanu.fi\/laromaterial\/svenska-i-naturen\/\" \/>\n<meta property=\"og:site_name\" content=\"Plugga nu\" \/>\n<meta property=\"article:published_time\" content=\"2020-07-24T10:32:56+00:00\" \/>\n<meta property=\"article:modified_time\" content=\"2022-09-15T04:46:43+00:00\" \/>\n<meta property=\"og:image\" content=\"https:\/\/svenskanu.fi\/laromaterial\/wp-content\/uploads\/2020\/07\/Bild-9-scaled.jpg\" \/>\n\t<meta property=\"og:image:width\" content=\"2560\" \/>\n\t<meta property=\"og:image:height\" content=\"1707\" \/>\n\t<meta property=\"og:image:type\" content=\"image\/jpeg\" \/>\n<meta name=\"author\" content=\"hopeful-keller\" \/>\n<meta name=\"twitter:card\" content=\"summary_large_image\" \/>\n<meta name=\"twitter:label1\" content=\"Written by\" \/>\n\t<meta name=\"twitter:data1\" content=\"hopeful-keller\" \/>\n\t<meta name=\"twitter:label2\" content=\"Est. reading time\" \/>\n\t<meta name=\"twitter:data2\" content=\"2 minutes\" \/>\n<script type=\"application\/ld+json\" class=\"yoast-schema-graph\">{\"@context\":\"https:\\\/\\\/schema.org\",\"@graph\":[{\"@type\":\"Article\",\"@id\":\"https:\\\/\\\/svenskanu.fi\\\/laromaterial\\\/svenska-i-naturen\\\/#article\",\"isPartOf\":{\"@id\":\"https:\\\/\\\/svenskanu.fi\\\/laromaterial\\\/svenska-i-naturen\\\/\"},\"author\":{\"name\":\"hopeful-keller\",\"@id\":\"https:\\\/\\\/svenskanu.fi\\\/laromaterial\\\/#\\\/schema\\\/person\\\/196faeb8693d130d4e71b9c9e2645253\"},\"headline\":\"Svenska i naturen\",\"datePublished\":\"2020-07-24T10:32:56+00:00\",\"dateModified\":\"2022-09-15T04:46:43+00:00\",\"mainEntityOfPage\":{\"@id\":\"https:\\\/\\\/svenskanu.fi\\\/laromaterial\\\/svenska-i-naturen\\\/\"},\"wordCount\":315,\"commentCount\":0,\"image\":{\"@id\":\"https:\\\/\\\/svenskanu.fi\\\/laromaterial\\\/svenska-i-naturen\\\/#primaryimage\"},\"thumbnailUrl\":\"https:\\\/\\\/svenskanu.fi\\\/laromaterial\\\/wp-content\\\/uploads\\\/2020\\\/07\\\/Bild-9-scaled.jpg\",\"articleSection\":[\"H\u00f6gstadiet\",\"L\u00e5gstadiet\"],\"inLanguage\":\"en-US\",\"potentialAction\":[{\"@type\":\"CommentAction\",\"name\":\"Comment\",\"target\":[\"https:\\\/\\\/svenskanu.fi\\\/laromaterial\\\/svenska-i-naturen\\\/#respond\"]}]},{\"@type\":\"WebPage\",\"@id\":\"https:\\\/\\\/svenskanu.fi\\\/laromaterial\\\/svenska-i-naturen\\\/\",\"url\":\"https:\\\/\\\/svenskanu.fi\\\/laromaterial\\\/svenska-i-naturen\\\/\",\"name\":\"Svenska i naturen - Plugga nu\",\"isPartOf\":{\"@id\":\"https:\\\/\\\/svenskanu.fi\\\/laromaterial\\\/#website\"},\"primaryImageOfPage\":{\"@id\":\"https:\\\/\\\/svenskanu.fi\\\/laromaterial\\\/svenska-i-naturen\\\/#primaryimage\"},\"image\":{\"@id\":\"https:\\\/\\\/svenskanu.fi\\\/laromaterial\\\/svenska-i-naturen\\\/#primaryimage\"},\"thumbnailUrl\":\"https:\\\/\\\/svenskanu.fi\\\/laromaterial\\\/wp-content\\\/uploads\\\/2020\\\/07\\\/Bild-9-scaled.jpg\",\"datePublished\":\"2020-07-24T10:32:56+00:00\",\"dateModified\":\"2022-09-15T04:46:43+00:00\",\"author\":{\"@id\":\"https:\\\/\\\/svenskanu.fi\\\/laromaterial\\\/#\\\/schema\\\/person\\\/196faeb8693d130d4e71b9c9e2645253\"},\"breadcrumb\":{\"@id\":\"https:\\\/\\\/svenskanu.fi\\\/laromaterial\\\/svenska-i-naturen\\\/#breadcrumb\"},\"inLanguage\":\"en-US\",\"potentialAction\":[{\"@type\":\"ReadAction\",\"target\":[\"https:\\\/\\\/svenskanu.fi\\\/laromaterial\\\/svenska-i-naturen\\\/\"]}]},{\"@type\":\"ImageObject\",\"inLanguage\":\"en-US\",\"@id\":\"https:\\\/\\\/svenskanu.fi\\\/laromaterial\\\/svenska-i-naturen\\\/#primaryimage\",\"url\":\"https:\\\/\\\/svenskanu.fi\\\/laromaterial\\\/wp-content\\\/uploads\\\/2020\\\/07\\\/Bild-9-scaled.jpg\",\"contentUrl\":\"https:\\\/\\\/svenskanu.fi\\\/laromaterial\\\/wp-content\\\/uploads\\\/2020\\\/07\\\/Bild-9-scaled.jpg\",\"width\":2560,\"height\":1707},{\"@type\":\"BreadcrumbList\",\"@id\":\"https:\\\/\\\/svenskanu.fi\\\/laromaterial\\\/svenska-i-naturen\\\/#breadcrumb\",\"itemListElement\":[{\"@type\":\"ListItem\",\"position\":1,\"name\":\"Home\",\"item\":\"https:\\\/\\\/svenskanu.fi\\\/laromaterial\\\/\"},{\"@type\":\"ListItem\",\"position\":2,\"name\":\"Svenska i naturen\"}]},{\"@type\":\"WebSite\",\"@id\":\"https:\\\/\\\/svenskanu.fi\\\/laromaterial\\\/#website\",\"url\":\"https:\\\/\\\/svenskanu.fi\\\/laromaterial\\\/\",\"name\":\"Plugga nu\",\"description\":\"svenskanu\",\"potentialAction\":[{\"@type\":\"SearchAction\",\"target\":{\"@type\":\"EntryPoint\",\"urlTemplate\":\"https:\\\/\\\/svenskanu.fi\\\/laromaterial\\\/?s={search_term_string}\"},\"query-input\":{\"@type\":\"PropertyValueSpecification\",\"valueRequired\":true,\"valueName\":\"search_term_string\"}}],\"inLanguage\":\"en-US\"},{\"@type\":\"Person\",\"@id\":\"https:\\\/\\\/svenskanu.fi\\\/laromaterial\\\/#\\\/schema\\\/person\\\/196faeb8693d130d4e71b9c9e2645253\",\"name\":\"hopeful-keller\",\"sameAs\":[\"https:\\\/\\\/svenskanu.fi\\\/laromaterial\"],\"url\":\"https:\\\/\\\/svenskanu.fi\\\/laromaterial\\\/author\\\/hopeful-keller\\\/\"}]}<\/script>\n<!-- \/ Yoast SEO plugin. -->","yoast_head_json":{"title":"Svenska i naturen - Plugga nu","robots":{"index":"index","follow":"follow","max-snippet":"max-snippet:-1","max-image-preview":"max-image-preview:large","max-video-preview":"max-video-preview:-1"},"canonical":"https:\/\/svenskanu.fi\/laromaterial\/svenska-i-naturen\/","og_locale":"en_US","og_type":"article","og_title":"Svenska i naturen - Plugga nu","og_description":"Tr\u00e4na svenska under en fartylld utedag i n\u00e4rmilj\u00f6n! Materialet kombinerar utomhuspedagogiska \u00f6vningar med svenskundervisningen.","og_url":"https:\/\/svenskanu.fi\/laromaterial\/svenska-i-naturen\/","og_site_name":"Plugga nu","article_published_time":"2020-07-24T10:32:56+00:00","article_modified_time":"2022-09-15T04:46:43+00:00","og_image":[{"width":2560,"height":1707,"url":"https:\/\/svenskanu.fi\/laromaterial\/wp-content\/uploads\/2020\/07\/Bild-9-scaled.jpg","type":"image\/jpeg"}],"author":"hopeful-keller","twitter_card":"summary_large_image","twitter_misc":{"Written by":"hopeful-keller","Est. reading time":"2 minutes"},"schema":{"@context":"https:\/\/schema.org","@graph":[{"@type":"Article","@id":"https:\/\/svenskanu.fi\/laromaterial\/svenska-i-naturen\/#article","isPartOf":{"@id":"https:\/\/svenskanu.fi\/laromaterial\/svenska-i-naturen\/"},"author":{"name":"hopeful-keller","@id":"https:\/\/svenskanu.fi\/laromaterial\/#\/schema\/person\/196faeb8693d130d4e71b9c9e2645253"},"headline":"Svenska i naturen","datePublished":"2020-07-24T10:32:56+00:00","dateModified":"2022-09-15T04:46:43+00:00","mainEntityOfPage":{"@id":"https:\/\/svenskanu.fi\/laromaterial\/svenska-i-naturen\/"},"wordCount":315,"commentCount":0,"image":{"@id":"https:\/\/svenskanu.fi\/laromaterial\/svenska-i-naturen\/#primaryimage"},"thumbnailUrl":"https:\/\/svenskanu.fi\/laromaterial\/wp-content\/uploads\/2020\/07\/Bild-9-scaled.jpg","articleSection":["H\u00f6gstadiet","L\u00e5gstadiet"],"inLanguage":"en-US","potentialAction":[{"@type":"CommentAction","name":"Comment","target":["https:\/\/svenskanu.fi\/laromaterial\/svenska-i-naturen\/#respond"]}]},{"@type":"WebPage","@id":"https:\/\/svenskanu.fi\/laromaterial\/svenska-i-naturen\/","url":"https:\/\/svenskanu.fi\/laromaterial\/svenska-i-naturen\/","name":"Svenska i naturen - Plugga nu","isPartOf":{"@id":"https:\/\/svenskanu.fi\/laromaterial\/#website"},"primaryImageOfPage":{"@id":"https:\/\/svenskanu.fi\/laromaterial\/svenska-i-naturen\/#primaryimage"},"image":{"@id":"https:\/\/svenskanu.fi\/laromaterial\/svenska-i-naturen\/#primaryimage"},"thumbnailUrl":"https:\/\/svenskanu.fi\/laromaterial\/wp-content\/uploads\/2020\/07\/Bild-9-scaled.jpg","datePublished":"2020-07-24T10:32:56+00:00","dateModified":"2022-09-15T04:46:43+00:00","author":{"@id":"https:\/\/svenskanu.fi\/laromaterial\/#\/schema\/person\/196faeb8693d130d4e71b9c9e2645253"},"breadcrumb":{"@id":"https:\/\/svenskanu.fi\/laromaterial\/svenska-i-naturen\/#breadcrumb"},"inLanguage":"en-US","potentialAction":[{"@type":"ReadAction","target":["https:\/\/svenskanu.fi\/laromaterial\/svenska-i-naturen\/"]}]},{"@type":"ImageObject","inLanguage":"en-US","@id":"https:\/\/svenskanu.fi\/laromaterial\/svenska-i-naturen\/#primaryimage","url":"https:\/\/svenskanu.fi\/laromaterial\/wp-content\/uploads\/2020\/07\/Bild-9-scaled.jpg","contentUrl":"https:\/\/svenskanu.fi\/laromaterial\/wp-content\/uploads\/2020\/07\/Bild-9-scaled.jpg","width":2560,"height":1707},{"@type":"BreadcrumbList","@id":"https:\/\/svenskanu.fi\/laromaterial\/svenska-i-naturen\/#breadcrumb","itemListElement":[{"@type":"ListItem","position":1,"name":"Home","item":"https:\/\/svenskanu.fi\/laromaterial\/"},{"@type":"ListItem","position":2,"name":"Svenska i naturen"}]},{"@type":"WebSite","@id":"https:\/\/svenskanu.fi\/laromaterial\/#website","url":"https:\/\/svenskanu.fi\/laromaterial\/","name":"Plugga nu","description":"svenskanu","potentialAction":[{"@type":"SearchAction","target":{"@type":"EntryPoint","urlTemplate":"https:\/\/svenskanu.fi\/laromaterial\/?s={search_term_string}"},"query-input":{"@type":"PropertyValueSpecification","valueRequired":true,"valueName":"search_term_string"}}],"inLanguage":"en-US"},{"@type":"Person","@id":"https:\/\/svenskanu.fi\/laromaterial\/#\/schema\/person\/196faeb8693d130d4e71b9c9e2645253","name":"hopeful-keller","sameAs":["https:\/\/svenskanu.fi\/laromaterial"],"url":"https:\/\/svenskanu.fi\/laromaterial\/author\/hopeful-keller\/"}]}},"_links":{"self":[{"href":"https:\/\/svenskanu.fi\/laromaterial\/wp-json\/wp\/v2\/posts\/788","targetHints":{"allow":["GET"]}}],"collection":[{"href":"https:\/\/svenskanu.fi\/laromaterial\/wp-json\/wp\/v2\/posts"}],"about":[{"href":"https:\/\/svenskanu.fi\/laromaterial\/wp-json\/wp\/v2\/types\/post"}],"author":[{"embeddable":true,"href":"https:\/\/svenskanu.fi\/laromaterial\/wp-json\/wp\/v2\/users\/1"}],"replies":[{"embeddable":true,"href":"https:\/\/svenskanu.fi\/laromaterial\/wp-json\/wp\/v2\/comments?post=788"}],"version-history":[{"count":35,"href":"https:\/\/svenskanu.fi\/laromaterial\/wp-json\/wp\/v2\/posts\/788\/revisions"}],"predecessor-version":[{"id":4470,"href":"https:\/\/svenskanu.fi\/laromaterial\/wp-json\/wp\/v2\/posts\/788\/revisions\/4470"}],"wp:featuredmedia":[{"embeddable":true,"href":"https:\/\/svenskanu.fi\/laromaterial\/wp-json\/wp\/v2\/media\/4426"}],"wp:attachment":[{"href":"https:\/\/svenskanu.fi\/laromaterial\/wp-json\/wp\/v2\/media?parent=788"}],"wp:term":[{"taxonomy":"category","embeddable":true,"href":"https:\/\/svenskanu.fi\/laromaterial\/wp-json\/wp\/v2\/categories?post=788"},{"taxonomy":"post_tag","embeddable":true,"href":"https:\/\/svenskanu.fi\/laromaterial\/wp-json\/wp\/v2\/tags?post=788"}],"curies":[{"name":"wp","href":"https:\/\/api.w.org\/{rel}","templated":true}]}}